{"id":1053,"date":"2012-05-30T09:01:23","date_gmt":"2012-05-30T07:01:23","guid":{"rendered":"http:\/\/www.demusica.es\/?p=1053"},"modified":"2012-06-04T23:35:18","modified_gmt":"2012-06-04T21:35:18","slug":"semana-musical-2012","status":"publish","type":"post","link":"https:\/\/www.demusica.es\/?p=1053","title":{"rendered":"Semana Musical 2012&#8230;"},"content":{"rendered":"<p style=\"text-align: center;\">\n<p>\u00a0<a href=\"http:\/\/www.demusica.es\/wp-content\/uploads\/2012\/02\/Cartel-10\u00aa-Semana-Musical-A-3.gif\"><img loading=\"lazy\" decoding=\"async\" class=\"aligncenter size-large wp-image-1066\" title=\"Cartel 10\u00aa  Semana Musical A 3\" src=\"http:\/\/www.demusica.es\/wp-content\/uploads\/2012\/02\/Cartel-10\u00aa-Semana-Musical-A-3-723x1024.gif\" alt=\"\" width=\"723\" height=\"1024\" srcset=\"https:\/\/www.demusica.es\/wp-content\/uploads\/2012\/02\/Cartel-10\u00aa-Semana-Musical-A-3-723x1024.gif 723w, https:\/\/www.demusica.es\/wp-content\/uploads\/2012\/02\/Cartel-10\u00aa-Semana-Musical-A-3-212x300.gif 212w, https:\/\/www.demusica.es\/wp-content\/uploads\/2012\/02\/Cartel-10\u00aa-Semana-Musical-A-3.gif 1122w\" sizes=\"auto, (max-width: 723px) 100vw, 723px\" \/><\/a><\/p>\n<p>La Asociaci\u00f3n Cultural Dem\u00fasica, un verano m\u00e1s, presenta la Semana Musical. En esta ocasi\u00f3n, cumplimos el 10\u00ba Aniversarios de este proyecto y queremos un verano m\u00e1s, dar cabida a todas aquellas ilusiones y necesidades musicales que nuestros alumnos\/as y profesores\/as tengan en sus cabezas.<\/p>\n<p>Desde la Asociaci\u00f3n, buscamos la constante innovaci\u00f3n y as\u00ed nos vamos a Villablino (Le\u00f3n). Un lugar donde acogen este proyecto con ilusi\u00f3n y entusiasmo y donde no cabe duda pondremos todo nuestro empe\u00f1o para desarrollar todo el potencial de nuestra Semana Musical.<\/p>\n<p>&nbsp;<\/p>\n","protected":false},"excerpt":{"rendered":"<p>\u00a0 La Asociaci\u00f3n Cultural Dem\u00fasica, un verano m\u00e1s, presenta la Semana Musical. En esta ocasi\u00f3n, cumplimos el 10\u00ba Aniversarios de este proyecto y queremos un verano m\u00e1s, dar cabida a todas aquellas ilusiones y necesidades musicales que nuestros alumnos\/as y profesores\/as tengan en sus cabezas. Desde la Asociaci\u00f3n, buscamos la constante innovaci\u00f3n y as\u00ed nos&#8230;<\/p>\n","protected":false},"author":2,"featured_media":0,"comment_status":"open","ping_status":"open","sticky":false,"template":"","format":"standard","meta":{"_kad_post_transparent":"","_kad_post_title":"","_kad_post_layout":"","_kad_post_sidebar_id":"","_kad_post_content_style":"","_kad_post_vertical_padding":"","_kad_post_feature":"","_kad_post_feature_position":"","_kad_post_header":false,"_kad_post_footer":false,"_kad_post_classname":"","footnotes":""},"categories":[28,1],"tags":[],"class_list":["post-1053","post","type-post","status-publish","format-standard","hentry","category-ensenanza-del-violin","category-violin"],"_links":{"self":[{"href":"https:\/\/www.demusica.es\/index.php?rest_route=\/wp\/v2\/posts\/1053","targetHints":{"allow":["GET"]}}],"collection":[{"href":"https:\/\/www.demusica.es\/index.php?rest_route=\/wp\/v2\/posts"}],"about":[{"href":"https:\/\/www.demusica.es\/index.php?rest_route=\/wp\/v2\/types\/post"}],"author":[{"embeddable":true,"href":"https:\/\/www.demusica.es\/index.php?rest_route=\/wp\/v2\/users\/2"}],"replies":[{"embeddable":true,"href":"https:\/\/www.demusica.es\/index.php?rest_route=%2Fwp%2Fv2%2Fcomments&post=1053"}],"version-history":[{"count":5,"href":"https:\/\/www.demusica.es\/index.php?rest_route=\/wp\/v2\/posts\/1053\/revisions"}],"predecessor-version":[{"id":1058,"href":"https:\/\/www.demusica.es\/index.php?rest_route=\/wp\/v2\/posts\/1053\/revisions\/1058"}],"wp:attachment":[{"href":"https:\/\/www.demusica.es\/index.php?rest_route=%2Fwp%2Fv2%2Fmedia&parent=1053"}],"wp:term":[{"taxonomy":"category","embeddable":true,"href":"https:\/\/www.demusica.es\/index.php?rest_route=%2Fwp%2Fv2%2Fcategories&post=1053"},{"taxonomy":"post_tag","embeddable":true,"href":"https:\/\/www.demusica.es\/index.php?rest_route=%2Fwp%2Fv2%2Ftags&post=1053"}],"curies":[{"name":"wp","href":"https:\/\/api.w.org\/{rel}","templated":true}]}}