{"id":1100,"date":"2012-06-25T07:32:10","date_gmt":"2012-06-25T05:32:10","guid":{"rendered":"http:\/\/www.demusica.es\/?p=1100"},"modified":"2012-06-25T07:32:10","modified_gmt":"2012-06-25T05:32:10","slug":"concierto-de-fin-de-curso-de-los-talleres-musicales-de-benia","status":"publish","type":"post","link":"https:\/\/www.demusica.es\/?p=1100","title":{"rendered":"Concierto de fin de curso de los talleres musicales de Benia"},"content":{"rendered":"<p style=\"text-align: center;\"><a href=\"http:\/\/www.demusica.es\/wp-content\/uploads\/2012\/06\/Final-de-Curso-Benia-de-Onis-2011-2012.jpg\"><img loading=\"lazy\" decoding=\"async\" class=\"aligncenter size-full wp-image-1101\" title=\"Final de Curso Benia de Onis 2011 2012\" src=\"http:\/\/www.demusica.es\/wp-content\/uploads\/2012\/06\/Final-de-Curso-Benia-de-Onis-2011-2012.jpg\" alt=\"\" width=\"300\" height=\"203\" \/><\/a><\/p>\n<p>&nbsp;<\/p>\n<p>Tras poco m\u00e1s de diez meses de andadura formativa, un concierto pon\u00eda ayer el broche final a los talleres musicales de Benia de On\u00eds. El Centro Municipal Polivalente &#8216;Hermanos \u00c1lvarez Marcos&#8217; serv\u00eda como escenario a los alumnos y profesores de esta improvisada escuela, dirigida por la asociaci\u00f3n cultural Demusica de Oviedo.<\/p>\n","protected":false},"excerpt":{"rendered":"<p>&nbsp; Tras poco m\u00e1s de diez meses de andadura formativa, un concierto pon\u00eda ayer el broche final a los talleres musicales de Benia de On\u00eds. El Centro Municipal Polivalente &#8216;Hermanos \u00c1lvarez Marcos&#8217; serv\u00eda como escenario a los alumnos y profesores de esta improvisada escuela, dirigida por la asociaci\u00f3n cultural Demusica de Oviedo.<\/p>\n","protected":false},"author":2,"featured_media":0,"comment_status":"open","ping_status":"open","sticky":false,"template":"","format":"standard","meta":{"_kad_post_transparent":"","_kad_post_title":"","_kad_post_layout":"","_kad_post_sidebar_id":"","_kad_post_content_style":"","_kad_post_vertical_padding":"","_kad_post_feature":"","_kad_post_feature_position":"","_kad_post_header":false,"_kad_post_footer":false,"_kad_post_classname":"","footnotes":""},"categories":[1],"tags":[],"class_list":["post-1100","post","type-post","status-publish","format-standard","hentry","category-violin"],"_links":{"self":[{"href":"https:\/\/www.demusica.es\/index.php?rest_route=\/wp\/v2\/posts\/1100","targetHints":{"allow":["GET"]}}],"collection":[{"href":"https:\/\/www.demusica.es\/index.php?rest_route=\/wp\/v2\/posts"}],"about":[{"href":"https:\/\/www.demusica.es\/index.php?rest_route=\/wp\/v2\/types\/post"}],"author":[{"embeddable":true,"href":"https:\/\/www.demusica.es\/index.php?rest_route=\/wp\/v2\/users\/2"}],"replies":[{"embeddable":true,"href":"https:\/\/www.demusica.es\/index.php?rest_route=%2Fwp%2Fv2%2Fcomments&post=1100"}],"version-history":[{"count":1,"href":"https:\/\/www.demusica.es\/index.php?rest_route=\/wp\/v2\/posts\/1100\/revisions"}],"predecessor-version":[{"id":1102,"href":"https:\/\/www.demusica.es\/index.php?rest_route=\/wp\/v2\/posts\/1100\/revisions\/1102"}],"wp:attachment":[{"href":"https:\/\/www.demusica.es\/index.php?rest_route=%2Fwp%2Fv2%2Fmedia&parent=1100"}],"wp:term":[{"taxonomy":"category","embeddable":true,"href":"https:\/\/www.demusica.es\/index.php?rest_route=%2Fwp%2Fv2%2Fcategories&post=1100"},{"taxonomy":"post_tag","embeddable":true,"href":"https:\/\/www.demusica.es\/index.php?rest_route=%2Fwp%2Fv2%2Ftags&post=1100"}],"curies":[{"name":"wp","href":"https:\/\/api.w.org\/{rel}","templated":true}]}}