{"id":1145,"date":"2012-07-13T23:03:51","date_gmt":"2012-07-13T21:03:51","guid":{"rendered":"http:\/\/www.demusica.es\/?p=1145"},"modified":"2013-01-17T22:40:40","modified_gmt":"2013-01-17T20:40:40","slug":"presentacion-en-el-ayuntamiento-de-villablino-de-la-semana-musical-2012","status":"publish","type":"post","link":"https:\/\/www.demusica.es\/?p=1145","title":{"rendered":"Presentaci\u00f3n en el Ayuntamiento de Villablino de la Semana Musical 2012"},"content":{"rendered":"<h1>Cerca de una treintena de alumnos participar\u00e1n en la Semana Musical<\/h1>\n<div>\n<div>\n<p style=\"text-align: center;\">La iniciativa est\u00e1 organizada por la asociaci\u00f3n Dem\u00fasica<\/p>\n<\/div>\n<\/div>\n<div id=\"fotoYRelacionada\">\n<div>\n<p><img loading=\"lazy\" decoding=\"async\" class=\"aligncenter\" src=\"http:\/\/www.lacronicadeleon.es:7080\/2012\/07\/28\/leon\/156104.jpg\" alt=\"\" width=\"300\" height=\"218\" \/><\/p>\n<p style=\"text-align: center;\">La Semana Musical se present\u00f3 ayer en el Ayuntamiento. L. VILLA<\/p>\n<\/div>\n<\/div>\n<p>&nbsp;<\/p>\n<p style=\"text-align: left;\">L. Villa \/ Villablino<br \/>\nEl Ayuntamiento de Villablino acogi\u00f3 ayer la presentaci\u00f3n de la Semana Musical 2012 organizada por la asociaci\u00f3n cultural Dem\u00fasica.<br \/>\nEste evento cultural \u2013que se celebra por primera vez en Villablino\u2013 reunir\u00e1, del 5 al 11 de agosto, a cerca de una treintena de alumnos, de entre siete a 18 a\u00f1os de edad, procedentes de C\u00f3rdoba, Murcia, Madrid, Barcelona, Asturias, as\u00ed como de la comarca de Laciana.<br \/>\nLos alumnos compaginar\u00e1n las clases de m\u00fasica con otras actividades algunas de ellas abiertas al p\u00fablico en general como la \u2018Noche M\u00e1gica\u2019 en el albergue de La Salga, en la bra\u00f1a de Rabanal de Arriba, o el concierto de clausura de la actividad que se celebrar\u00e1 en la casona de Sierra Pambley el d\u00eda 11 de agosto.<br \/>\nEl objetivo de la Semana M\u00fasica, que celebra su d\u00e9cimo aniversario, es \u201cque los alumnos, adem\u00e1s de las clases de instrumento, participen en clases colectivas\u201d, apunt\u00f3 el director de la Semana Musical, Mart\u00edn Mart\u00ednez Basti\u00e1n. El director estuvo acompa\u00f1ado por el profesor de m\u00fasica, Rub\u00e9n Mart\u00ednez, la concejala de Educaci\u00f3n y Cultura, Nieves \u00c1lvarez, y la directora del IES Obispo Arg\u00fcelles, Pilar de la Torre.<br \/>\nLas clases se impartir\u00e1n en las aulas de la Escuela Municipal de M\u00fasica Laciana, situadas en la Casa de Cultura, mientras que el alojamiento ser\u00e1 en el IES Obispo Arg\u00fcelles. Rese\u00f1ar que aun hay algunas plazas para alumnos de la comarca .<\/p>\n","protected":false},"excerpt":{"rendered":"<p>Cerca de una treintena de alumnos participar\u00e1n en la Semana Musical La iniciativa est\u00e1 organizada por la asociaci\u00f3n Dem\u00fasica La Semana Musical se present\u00f3 ayer en el Ayuntamiento. L. VILLA &nbsp; L. Villa \/ Villablino El Ayuntamiento de Villablino acogi\u00f3 ayer la presentaci\u00f3n de la Semana Musical 2012 organizada por la asociaci\u00f3n cultural Dem\u00fasica. Este&#8230;<\/p>\n","protected":false},"author":2,"featured_media":0,"comment_status":"open","ping_status":"open","sticky":false,"template":"","format":"standard","meta":{"_kad_post_transparent":"","_kad_post_title":"","_kad_post_layout":"","_kad_post_sidebar_id":"","_kad_post_content_style":"","_kad_post_vertical_padding":"","_kad_post_feature":"","_kad_post_feature_position":"","_kad_post_header":false,"_kad_post_footer":false,"_kad_post_classname":"","footnotes":""},"categories":[1],"tags":[],"class_list":["post-1145","post","type-post","status-publish","format-standard","hentry","category-violin"],"_links":{"self":[{"href":"https:\/\/www.demusica.es\/index.php?rest_route=\/wp\/v2\/posts\/1145","targetHints":{"allow":["GET"]}}],"collection":[{"href":"https:\/\/www.demusica.es\/index.php?rest_route=\/wp\/v2\/posts"}],"about":[{"href":"https:\/\/www.demusica.es\/index.php?rest_route=\/wp\/v2\/types\/post"}],"author":[{"embeddable":true,"href":"https:\/\/www.demusica.es\/index.php?rest_route=\/wp\/v2\/users\/2"}],"replies":[{"embeddable":true,"href":"https:\/\/www.demusica.es\/index.php?rest_route=%2Fwp%2Fv2%2Fcomments&post=1145"}],"version-history":[{"count":9,"href":"https:\/\/www.demusica.es\/index.php?rest_route=\/wp\/v2\/posts\/1145\/revisions"}],"predecessor-version":[{"id":1153,"href":"https:\/\/www.demusica.es\/index.php?rest_route=\/wp\/v2\/posts\/1145\/revisions\/1153"}],"wp:attachment":[{"href":"https:\/\/www.demusica.es\/index.php?rest_route=%2Fwp%2Fv2%2Fmedia&parent=1145"}],"wp:term":[{"taxonomy":"category","embeddable":true,"href":"https:\/\/www.demusica.es\/index.php?rest_route=%2Fwp%2Fv2%2Fcategories&post=1145"},{"taxonomy":"post_tag","embeddable":true,"href":"https:\/\/www.demusica.es\/index.php?rest_route=%2Fwp%2Fv2%2Ftags&post=1145"}],"curies":[{"name":"wp","href":"https:\/\/api.w.org\/{rel}","templated":true}]}}