{"id":1468,"date":"2012-11-08T00:34:43","date_gmt":"2012-11-07T22:34:43","guid":{"rendered":"http:\/\/www.demusica.es\/?p=1468"},"modified":"2013-01-17T22:39:28","modified_gmt":"2013-01-17T20:39:28","slug":"los-violines-de-cremona-propuestos-como-bien-cultural-de-la-unesco","status":"publish","type":"post","link":"https:\/\/www.demusica.es\/?p=1468","title":{"rendered":"Los violines de Cremona propuestos como bien cultural de la Unesco"},"content":{"rendered":"<p><em>Por Jordi Pinto &#8211; 06\/11\/2012<\/em><\/p>\n<p style=\"text-align: justify;\">\u201cEs casi seguro que obtendremos la inscripci\u00f3n del Arte de la Luther\u00eda de Cremona en la lista de la UNESCO dentro de este a\u00f1o\u201d. Lo anunci\u00f3 el presidente de la comisi\u00f3n Nacional Italiana de la UNESCO, Giovanni Puglisi, en una retransmisi\u00f3n en directo emitida recientemente.<\/p>\n<p style=\"text-align: justify;\"><a href=\"http:\/\/www.docenotas.com\/files\/2012\/11\/15112012_Val-di-Fiemme.jpg\"><img loading=\"lazy\" decoding=\"async\" class=\"aligncenter\" src=\"http:\/\/www.docenotas.com\/files\/2012\/11\/15112012_Val-di-Fiemme.jpg\" alt=\"\" width=\"432\" height=\"225\" \/><\/a><\/p>\n<p style=\"text-align: left;\">\u00a0Val di Fiemme, cuna de las maderas utilizadas en Cremona<\/p>\n<p style=\"text-align: left;\">\n<p style=\"text-align: justify;\">\u201cHay muchas listas en la UNESCO \u2013ha dicho Puglisi\u2013 la de los lugares hist\u00f3ricos-art\u00edsticos y Patrimonio de la Humanidad es la m\u00e1s conocida pero hay muchas otras\u201d. Es la del Patrimonio Inmaterial la que ya ha visto inscritas otras inscripciones de origen italiano: los t\u00edteres Sicilianos o el canto de tenores de los pastores Sardos.<\/p>\n<p style=\"text-align: justify;\">La noticia se hace p\u00fablica a pocos meses de la inauguraci\u00f3n del\u00a0<a href=\"http:\/\/www.museodelviolino.org\/\" target=\"_blank\"><strong>Museo del Violino<\/strong><\/a>\u00a0de la Cremonesa Piazza Marconi prevista para abril 2013, que contar\u00e1 con la presencia del Presidente de la Rep\u00fablica Italiana Giorgio Napolitano.<\/p>\n<p style=\"text-align: justify;\"><strong>El parque natural de Paneveggio, alma de los violines cremonenses<br \/>\n<\/strong><\/p>\n<p style=\"text-align: justify;\">El parque natural de Paneveggio \u2013Pale di San Martino tiene una extensi\u00f3n de unas 2.800 ha., la mayor\u00eda de ellas, un 85 %, cubiertas de frondosos bosques de abeto rojo (<em>picea abies<\/em>). El parque est\u00e1 absolutamente controlado por una entidad municipal que regula la cantidad de madera que puede ser cortada cada a\u00f1o y que se encarga de todo el proceso de gesti\u00f3n, desde el apeado de los tronco hasta el corte y secado de la madera ya preparada y posterior comercializaci\u00f3n.<\/p>\n<p style=\"text-align: justify;\">La calidad de la madera de abeto de Paneveggio es conocida desde la Edad Media, pero los documentos m\u00e1s antiguos que atestiguan las normas y reglas para su corte y suministro est\u00e1n fechados a finales del siglo XV. El transporte hasta Venecia se realizaba de la forma tradicional en aquellos tiempos: ya en el bosque se aprovechaban los torrentes naturales, de modo que \u00e9stos se reforzaban con piedras a modo de calzada c\u00f3ncava. As\u00ed, al paso del agua, los troncos eran arrastrados con el menor da\u00f1o posible torrente hacia abajo hasta los afluentes principales.<\/p>\n<p style=\"text-align: justify;\">El cauce y desnivel de estas canalizaciones estaba calculado para que la velocidad de descenso fuera controlable. Despu\u00e9s de los torrentes pasaban a los afluentes y a los r\u00edos principales: el Vanoi, el Brenta, el Piave y el Cismon, hasta llegar a los dep\u00f3sitos y almacenes portuarios. Diversos canales navegables conectaban el Brenta con P\u00e1dova y Venecia, as\u00ed los troncos eran m\u00e1s f\u00e1ciles de transportar de un sitio a otro. Todo \u00e9ste sistema de transporte fluvial se utiliz\u00f3 hasta bien entrado el siglo XX, debido a que las comunicaciones por carretera eran extremadamente deficientes.<\/p>\n<p style=\"text-align: justify;\">Para comprender plenamente el trabajo que muchos especialistas han ido realizando paso a paso hasta llegar a entregarnos el instrumento con el que tocamos, es importante conocer este precioso recorrido que empieza en pleno bosque y termina en el taller de un luthier. (Extracto del art\u00edculo\u00a0<a href=\"http:\/\/www.docenotas.com\/instrumentos\/luthieres\/d-o-val-di-fiemme\" target=\"_blank\">D.O. Val di Fiemme<\/a>).<\/p>\n","protected":false},"excerpt":{"rendered":"<p>Por Jordi Pinto &#8211; 06\/11\/2012 \u201cEs casi seguro que obtendremos la inscripci\u00f3n del Arte de la Luther\u00eda de Cremona en la lista de la UNESCO dentro de este a\u00f1o\u201d. Lo anunci\u00f3 el presidente de la comisi\u00f3n Nacional Italiana de la UNESCO, Giovanni Puglisi, en una retransmisi\u00f3n en directo emitida recientemente. \u00a0Val di Fiemme, cuna de&#8230;<\/p>\n","protected":false},"author":2,"featured_media":0,"comment_status":"open","ping_status":"open","sticky":false,"template":"","format":"standard","meta":{"_kad_post_transparent":"","_kad_post_title":"","_kad_post_layout":"","_kad_post_sidebar_id":"","_kad_post_content_style":"","_kad_post_vertical_padding":"","_kad_post_feature":"","_kad_post_feature_position":"","_kad_post_header":false,"_kad_post_footer":false,"_kad_post_classname":"","footnotes":""},"categories":[28,30,32,1],"tags":[],"class_list":["post-1468","post","type-post","status-publish","format-standard","hentry","category-ensenanza-del-violin","category-articulos","category-literatura-violinistica","category-violin"],"_links":{"self":[{"href":"https:\/\/www.demusica.es\/index.php?rest_route=\/wp\/v2\/posts\/1468","targetHints":{"allow":["GET"]}}],"collection":[{"href":"https:\/\/www.demusica.es\/index.php?rest_route=\/wp\/v2\/posts"}],"about":[{"href":"https:\/\/www.demusica.es\/index.php?rest_route=\/wp\/v2\/types\/post"}],"author":[{"embeddable":true,"href":"https:\/\/www.demusica.es\/index.php?rest_route=\/wp\/v2\/users\/2"}],"replies":[{"embeddable":true,"href":"https:\/\/www.demusica.es\/index.php?rest_route=%2Fwp%2Fv2%2Fcomments&post=1468"}],"version-history":[{"count":9,"href":"https:\/\/www.demusica.es\/index.php?rest_route=\/wp\/v2\/posts\/1468\/revisions"}],"predecessor-version":[{"id":1470,"href":"https:\/\/www.demusica.es\/index.php?rest_route=\/wp\/v2\/posts\/1468\/revisions\/1470"}],"wp:attachment":[{"href":"https:\/\/www.demusica.es\/index.php?rest_route=%2Fwp%2Fv2%2Fmedia&parent=1468"}],"wp:term":[{"taxonomy":"category","embeddable":true,"href":"https:\/\/www.demusica.es\/index.php?rest_route=%2Fwp%2Fv2%2Fcategories&post=1468"},{"taxonomy":"post_tag","embeddable":true,"href":"https:\/\/www.demusica.es\/index.php?rest_route=%2Fwp%2Fv2%2Ftags&post=1468"}],"curies":[{"name":"wp","href":"https:\/\/api.w.org\/{rel}","templated":true}]}}