{"id":1519,"date":"2012-11-22T11:07:06","date_gmt":"2012-11-22T09:07:06","guid":{"rendered":"http:\/\/www.demusica.es\/?p=1519"},"modified":"2013-01-17T22:38:07","modified_gmt":"2013-01-17T20:38:07","slug":"dia-22-de-noviembre-santa-cecilia-patrona-de-la-musica","status":"publish","type":"post","link":"https:\/\/www.demusica.es\/?p=1519","title":{"rendered":"D\u00eda 22 de Noviembre, Santa Cecilia, patrona de la m\u00fasica"},"content":{"rendered":"<h5>Desde aqu\u00ed, felicitamos a nuestros alumnos\/as, profesores y a todos nuestros amigos y amigas en este nuestro d\u00eda de la patrona de la m\u00fasica.<\/h5>\n<h3 style=\"text-align: center;\">FELICIDADES M\u00daSICOS<\/h3>\n<p style=\"text-align: center;\">\n<p style=\"text-align: center;\"><a href=\"http:\/\/www.demusica.es\/wp-content\/uploads\/2012\/11\/4126288348_e04fd0eb28.jpg\"><img loading=\"lazy\" decoding=\"async\" class=\"size-full wp-image-1520 aligncenter\" title=\"4126288348_e04fd0eb28\" src=\"http:\/\/www.demusica.es\/wp-content\/uploads\/2012\/11\/4126288348_e04fd0eb28.jpg\" alt=\"\" width=\"500\" height=\"371\" srcset=\"https:\/\/www.demusica.es\/wp-content\/uploads\/2012\/11\/4126288348_e04fd0eb28.jpg 500w, https:\/\/www.demusica.es\/wp-content\/uploads\/2012\/11\/4126288348_e04fd0eb28-300x222.jpg 300w\" sizes=\"auto, (max-width: 500px) 100vw, 500px\" \/><\/a><\/p>\n","protected":false},"excerpt":{"rendered":"<p>Desde aqu\u00ed, felicitamos a nuestros alumnos\/as, profesores y a todos nuestros amigos y amigas en este nuestro d\u00eda de la patrona de la m\u00fasica. FELICIDADES M\u00daSICOS<\/p>\n","protected":false},"author":2,"featured_media":0,"comment_status":"open","ping_status":"open","sticky":false,"template":"","format":"standard","meta":{"_kad_post_transparent":"","_kad_post_title":"","_kad_post_layout":"","_kad_post_sidebar_id":"","_kad_post_content_style":"","_kad_post_vertical_padding":"","_kad_post_feature":"","_kad_post_feature_position":"","_kad_post_header":false,"_kad_post_footer":false,"_kad_post_classname":"","footnotes":""},"categories":[1],"tags":[],"class_list":["post-1519","post","type-post","status-publish","format-standard","hentry","category-violin"],"_links":{"self":[{"href":"https:\/\/www.demusica.es\/index.php?rest_route=\/wp\/v2\/posts\/1519","targetHints":{"allow":["GET"]}}],"collection":[{"href":"https:\/\/www.demusica.es\/index.php?rest_route=\/wp\/v2\/posts"}],"about":[{"href":"https:\/\/www.demusica.es\/index.php?rest_route=\/wp\/v2\/types\/post"}],"author":[{"embeddable":true,"href":"https:\/\/www.demusica.es\/index.php?rest_route=\/wp\/v2\/users\/2"}],"replies":[{"embeddable":true,"href":"https:\/\/www.demusica.es\/index.php?rest_route=%2Fwp%2Fv2%2Fcomments&post=1519"}],"version-history":[{"count":3,"href":"https:\/\/www.demusica.es\/index.php?rest_route=\/wp\/v2\/posts\/1519\/revisions"}],"predecessor-version":[{"id":1522,"href":"https:\/\/www.demusica.es\/index.php?rest_route=\/wp\/v2\/posts\/1519\/revisions\/1522"}],"wp:attachment":[{"href":"https:\/\/www.demusica.es\/index.php?rest_route=%2Fwp%2Fv2%2Fmedia&parent=1519"}],"wp:term":[{"taxonomy":"category","embeddable":true,"href":"https:\/\/www.demusica.es\/index.php?rest_route=%2Fwp%2Fv2%2Fcategories&post=1519"},{"taxonomy":"post_tag","embeddable":true,"href":"https:\/\/www.demusica.es\/index.php?rest_route=%2Fwp%2Fv2%2Ftags&post=1519"}],"curies":[{"name":"wp","href":"https:\/\/api.w.org\/{rel}","templated":true}]}}