{"id":1594,"date":"2013-01-19T16:28:56","date_gmt":"2013-01-19T14:28:56","guid":{"rendered":"http:\/\/www.demusica.es\/?p=1594"},"modified":"2013-01-19T16:28:56","modified_gmt":"2013-01-19T14:28:56","slug":"el-nino-que-hacia-sonar-hasta-las-perchas-del-armario","status":"publish","type":"post","link":"https:\/\/www.demusica.es\/?p=1594","title":{"rendered":"El ni\u00f1o que hacia sonar hasta las perchas del armario&#8230;"},"content":{"rendered":"<p><img loading=\"lazy\" decoding=\"async\" class=\"aligncenter size-medium wp-image-1595\" alt=\"fotoultima\" src=\"http:\/\/www.demusica.es\/wp-content\/uploads\/2013\/01\/fotoultima-300x210.jpg\" width=\"300\" height=\"210\" srcset=\"https:\/\/www.demusica.es\/wp-content\/uploads\/2013\/01\/fotoultima-300x210.jpg 300w, https:\/\/www.demusica.es\/wp-content\/uploads\/2013\/01\/fotoultima.jpg 930w\" sizes=\"auto, (max-width: 300px) 100vw, 300px\" \/><\/p>\n<p>&nbsp;<\/p>\n<p>Es impresionante el mundo de los grandes m\u00fasicos. Tanto como injusto. Para quien no lo conoce es dif\u00edcil de imaginar la pasi\u00f3n, la vocaci\u00f3n y el sacrificio que llenan esta silueta.<\/p>\n<p>El \u00eddolo de aquel ni\u00f1o tambi\u00e9n era su abuelo, que era m\u00fasico. \u00c9l, como no abarcaba un viol\u00edn, con solo dos a\u00f1os ya le arrancaba sonidos a las perchas del armario. Como tantos otros, con solo ocho a\u00f1os (piensa en tu hijo o sobrino cuando ten\u00eda esa edad) se fue a Londres para estudiar en una gran academia, regres\u00f3 a Madrid so\u00f1ando con ver a su madre y poder volver a comer la comida casera que ella le hace. Pero un profesor ve que hay madera de gran m\u00fasico y se lo lleva a Nueva York. Todav\u00eda es un ni\u00f1o y sus padres no soportan dejarlo solo otra vez. Venden su casa para poder acompa\u00f1arlo, el ni\u00f1o enferma, regresan, sana en casa, se vuelve a ir&#8230;<\/p>\n<p>As\u00ed es su vida. Horas y horas al viol\u00edn. Horas y horas de estudio. Miles de kil\u00f3metros para recibir unas clases de un gran maestro. Muchos d\u00edas de ensayo para darle lustre a un ciclo musical en Le\u00f3n, para encabezar el elenco de una nueva formaci\u00f3n en esta tierra.<\/p>\n<p>En silencio. Sin un solo aspaviento. Cobra un porcentaje de la taquilla, realmente toca por amor al arte.<\/p>\n<p>Y cansado llega al hotel. Enciende la televisi\u00f3n y un tipo que no sabe lo que es una partitura ocupa horas y horas, cuenta que tiene novia.<\/p>\n<p>Y afirma ser m\u00fasico.<\/p>\n<p>&nbsp;<\/p>\n","protected":false},"excerpt":{"rendered":"<p>&nbsp; Es impresionante el mundo de los grandes m\u00fasicos. Tanto como injusto. Para quien no lo conoce es dif\u00edcil de imaginar la pasi\u00f3n, la vocaci\u00f3n y el sacrificio que llenan esta silueta. El \u00eddolo de aquel ni\u00f1o tambi\u00e9n era su abuelo, que era m\u00fasico. \u00c9l, como no abarcaba un viol\u00edn, con solo dos a\u00f1os ya&#8230;<\/p>\n","protected":false},"author":2,"featured_media":0,"comment_status":"open","ping_status":"open","sticky":false,"template":"","format":"standard","meta":{"_kad_post_transparent":"","_kad_post_title":"","_kad_post_layout":"","_kad_post_sidebar_id":"","_kad_post_content_style":"","_kad_post_vertical_padding":"","_kad_post_feature":"","_kad_post_feature_position":"","_kad_post_header":false,"_kad_post_footer":false,"_kad_post_classname":"","footnotes":""},"categories":[1],"tags":[],"class_list":["post-1594","post","type-post","status-publish","format-standard","hentry","category-violin"],"_links":{"self":[{"href":"https:\/\/www.demusica.es\/index.php?rest_route=\/wp\/v2\/posts\/1594","targetHints":{"allow":["GET"]}}],"collection":[{"href":"https:\/\/www.demusica.es\/index.php?rest_route=\/wp\/v2\/posts"}],"about":[{"href":"https:\/\/www.demusica.es\/index.php?rest_route=\/wp\/v2\/types\/post"}],"author":[{"embeddable":true,"href":"https:\/\/www.demusica.es\/index.php?rest_route=\/wp\/v2\/users\/2"}],"replies":[{"embeddable":true,"href":"https:\/\/www.demusica.es\/index.php?rest_route=%2Fwp%2Fv2%2Fcomments&post=1594"}],"version-history":[{"count":1,"href":"https:\/\/www.demusica.es\/index.php?rest_route=\/wp\/v2\/posts\/1594\/revisions"}],"predecessor-version":[{"id":1596,"href":"https:\/\/www.demusica.es\/index.php?rest_route=\/wp\/v2\/posts\/1594\/revisions\/1596"}],"wp:attachment":[{"href":"https:\/\/www.demusica.es\/index.php?rest_route=%2Fwp%2Fv2%2Fmedia&parent=1594"}],"wp:term":[{"taxonomy":"category","embeddable":true,"href":"https:\/\/www.demusica.es\/index.php?rest_route=%2Fwp%2Fv2%2Fcategories&post=1594"},{"taxonomy":"post_tag","embeddable":true,"href":"https:\/\/www.demusica.es\/index.php?rest_route=%2Fwp%2Fv2%2Ftags&post=1594"}],"curies":[{"name":"wp","href":"https:\/\/api.w.org\/{rel}","templated":true}]}}