{"id":162,"date":"2009-01-01T12:00:01","date_gmt":"2009-01-01T10:00:01","guid":{"rendered":"http:\/\/www.demusica.es\/?p=162"},"modified":"2013-01-17T22:43:03","modified_gmt":"2013-01-17T20:43:03","slug":"bienvenidos","status":"publish","type":"post","link":"https:\/\/www.demusica.es\/?p=162","title":{"rendered":"Bienvenidos!"},"content":{"rendered":"<p>\u00a0<a href=\"http:\/\/www.demusica.es\/wp-content\/uploads\/2009\/01\/Logo-DEMUSICA-Nuevo.jpg\"><img loading=\"lazy\" decoding=\"async\" class=\"alignleft size-full wp-image-167\" title=\"Logo DEMUSICA Nuevo\" src=\"http:\/\/www.demusica.es\/wp-content\/uploads\/2009\/01\/Logo-DEMUSICA-Nuevo.jpg\" alt=\"\" width=\"206\" height=\"140\" srcset=\"https:\/\/www.demusica.es\/wp-content\/uploads\/2009\/01\/Logo-DEMUSICA-Nuevo.jpg 366w, https:\/\/www.demusica.es\/wp-content\/uploads\/2009\/01\/Logo-DEMUSICA-Nuevo-300x204.jpg 300w\" sizes=\"auto, (max-width: 206px) 100vw, 206px\" \/><\/a><\/p>\n<p><img decoding=\"async\" src=\"http:\/\/www.demusica.es\/img\/content\/4477_4479.gif\" alt=\"\" \/><\/p>\n<p>Le agradecemos su visita a nuestra\u00a0p\u00e1gina web. Esta no es una escuela de m\u00fasica m\u00e1s dentro de la amplia oferta formativa musical que nos rodea. Es un punto de encuentro entre m\u00fasicos, uno con m\u00e1s experiencia, otros con menos, unos con m\u00e1s conocimientos y otros con un poco menos&#8230;y ah\u00ed es donde entra en juego nuestra escuela de m\u00fasica&#8230;el que sabe m\u00e1s comparte conocimiento con el que demanda informaci\u00f3n, todo ello de forma totalmente gratuita y sin compromiso alguno.<\/p>\n<p>Demusica.es un <strong>centro de recursos y de di\u00e1logo para los m\u00fasicos<\/strong> del mundo entero.<\/p>\n","protected":false},"excerpt":{"rendered":"<p>\u00a0 Le agradecemos su visita a nuestra\u00a0p\u00e1gina web. Esta no es una escuela de m\u00fasica m\u00e1s dentro de la amplia oferta formativa musical que nos rodea. Es un punto de encuentro entre m\u00fasicos, uno con m\u00e1s experiencia, otros con menos, unos con m\u00e1s conocimientos y otros con un poco menos&#8230;y ah\u00ed es donde entra en&#8230;<\/p>\n","protected":false},"author":2,"featured_media":167,"comment_status":"open","ping_status":"open","sticky":false,"template":"","format":"standard","meta":{"_kad_post_transparent":"","_kad_post_title":"","_kad_post_layout":"","_kad_post_sidebar_id":"","_kad_post_content_style":"","_kad_post_vertical_padding":"","_kad_post_feature":"","_kad_post_feature_position":"","_kad_post_header":false,"_kad_post_footer":false,"_kad_post_classname":"","footnotes":""},"categories":[1],"tags":[],"class_list":["post-162","post","type-post","status-publish","format-standard","has-post-thumbnail","hentry","category-violin"],"_links":{"self":[{"href":"https:\/\/www.demusica.es\/index.php?rest_route=\/wp\/v2\/posts\/162","targetHints":{"allow":["GET"]}}],"collection":[{"href":"https:\/\/www.demusica.es\/index.php?rest_route=\/wp\/v2\/posts"}],"about":[{"href":"https:\/\/www.demusica.es\/index.php?rest_route=\/wp\/v2\/types\/post"}],"author":[{"embeddable":true,"href":"https:\/\/www.demusica.es\/index.php?rest_route=\/wp\/v2\/users\/2"}],"replies":[{"embeddable":true,"href":"https:\/\/www.demusica.es\/index.php?rest_route=%2Fwp%2Fv2%2Fcomments&post=162"}],"version-history":[{"count":7,"href":"https:\/\/www.demusica.es\/index.php?rest_route=\/wp\/v2\/posts\/162\/revisions"}],"predecessor-version":[{"id":1586,"href":"https:\/\/www.demusica.es\/index.php?rest_route=\/wp\/v2\/posts\/162\/revisions\/1586"}],"wp:featuredmedia":[{"embeddable":true,"href":"https:\/\/www.demusica.es\/index.php?rest_route=\/wp\/v2\/media\/167"}],"wp:attachment":[{"href":"https:\/\/www.demusica.es\/index.php?rest_route=%2Fwp%2Fv2%2Fmedia&parent=162"}],"wp:term":[{"taxonomy":"category","embeddable":true,"href":"https:\/\/www.demusica.es\/index.php?rest_route=%2Fwp%2Fv2%2Fcategories&post=162"},{"taxonomy":"post_tag","embeddable":true,"href":"https:\/\/www.demusica.es\/index.php?rest_route=%2Fwp%2Fv2%2Ftags&post=162"}],"curies":[{"name":"wp","href":"https:\/\/api.w.org\/{rel}","templated":true}]}}