{"id":1762,"date":"2013-02-17T15:37:29","date_gmt":"2013-02-17T13:37:29","guid":{"rendered":"http:\/\/www.demusica.es\/?p=1762"},"modified":"2013-02-17T15:44:26","modified_gmt":"2013-02-17T13:44:26","slug":"el-violinista-de-auschwitz","status":"publish","type":"post","link":"https:\/\/www.demusica.es\/?p=1762","title":{"rendered":"El violinista de Auschwitz"},"content":{"rendered":"<div id=\"id_5120dbbdef8d44632486938\"><strong>El violinista de Auschwitz:<\/strong> un cortometraje nominado para los premios Goya<\/div>\n<div><\/div>\n<div><a href=\"http:\/\/www.demusica.es\/index.php\/el-violinista-de-auschwitz\/trailer-cortometraje-el-violinista-de-auschwitz\/\" rel=\"attachment wp-att-1765\">trailer cortometraje el violinista de auschwitz<\/a><\/div>\n<div><\/div>\n<div>\u201cUn jud\u00edo sefard\u00ed, nacido en la ciudad griega de Sal\u00f3nica, cuenta la terrible experiencia de ser prisionero durante dos a\u00f1os en el campo de exterminio nazi de Ausch&#8230;witz y de c\u00f3mo pudo salvar su vida gracias a que sab\u00eda tocar el viol\u00edn\u201d.<\/div>\n<div>He aqu\u00ed el argumento de \u201cEl violinista de Auschwitz\u201d, cortometraje producido y dirigido por el autor novel Carlos Hernando.<\/div>\n<div>El <a href=\"http:\/\/www.youtube.com\/watch?feature=player_embedded&amp;v=KXIPrPHOn0k\">El violinista de Auschwitz.<\/a>17 de febrero tendr\u00e1 lugar la gala de los Premios Goya, en la que \u201cEl violinista de Auschwitz\u201d entrar\u00e1 en liza en la categor\u00eda de \u201cMejor cortometraje documental espa\u00f1ol\u201d.<\/div>\n","protected":false},"excerpt":{"rendered":"<p>El violinista de Auschwitz: un cortometraje nominado para los premios Goya trailer cortometraje el violinista de auschwitz \u201cUn jud\u00edo sefard\u00ed, nacido en la ciudad griega de Sal\u00f3nica, cuenta la terrible experiencia de ser prisionero durante dos a\u00f1os en el campo de exterminio nazi de Ausch&#8230;witz y de c\u00f3mo pudo salvar su vida gracias a que&#8230;<\/p>\n","protected":false},"author":4,"featured_media":0,"comment_status":"open","ping_status":"open","sticky":false,"template":"","format":"standard","meta":{"_kad_post_transparent":"","_kad_post_title":"","_kad_post_layout":"","_kad_post_sidebar_id":"","_kad_post_content_style":"","_kad_post_vertical_padding":"","_kad_post_feature":"","_kad_post_feature_position":"","_kad_post_header":false,"_kad_post_footer":false,"_kad_post_classname":"","footnotes":""},"categories":[23],"tags":[],"class_list":["post-1762","post","type-post","status-publish","format-standard","hentry","category-flauta-travesera"],"_links":{"self":[{"href":"https:\/\/www.demusica.es\/index.php?rest_route=\/wp\/v2\/posts\/1762","targetHints":{"allow":["GET"]}}],"collection":[{"href":"https:\/\/www.demusica.es\/index.php?rest_route=\/wp\/v2\/posts"}],"about":[{"href":"https:\/\/www.demusica.es\/index.php?rest_route=\/wp\/v2\/types\/post"}],"author":[{"embeddable":true,"href":"https:\/\/www.demusica.es\/index.php?rest_route=\/wp\/v2\/users\/4"}],"replies":[{"embeddable":true,"href":"https:\/\/www.demusica.es\/index.php?rest_route=%2Fwp%2Fv2%2Fcomments&post=1762"}],"version-history":[{"count":3,"href":"https:\/\/www.demusica.es\/index.php?rest_route=\/wp\/v2\/posts\/1762\/revisions"}],"predecessor-version":[{"id":1764,"href":"https:\/\/www.demusica.es\/index.php?rest_route=\/wp\/v2\/posts\/1762\/revisions\/1764"}],"wp:attachment":[{"href":"https:\/\/www.demusica.es\/index.php?rest_route=%2Fwp%2Fv2%2Fmedia&parent=1762"}],"wp:term":[{"taxonomy":"category","embeddable":true,"href":"https:\/\/www.demusica.es\/index.php?rest_route=%2Fwp%2Fv2%2Fcategories&post=1762"},{"taxonomy":"post_tag","embeddable":true,"href":"https:\/\/www.demusica.es\/index.php?rest_route=%2Fwp%2Fv2%2Ftags&post=1762"}],"curies":[{"name":"wp","href":"https:\/\/api.w.org\/{rel}","templated":true}]}}