{"id":1779,"date":"2013-02-17T16:46:41","date_gmt":"2013-02-17T14:46:41","guid":{"rendered":"http:\/\/www.demusica.es\/?p=1779"},"modified":"2013-02-17T23:39:59","modified_gmt":"2013-02-17T21:39:59","slug":"concierto-presentacion-universidad-popular-de-laciana-2013","status":"publish","type":"post","link":"https:\/\/www.demusica.es\/?p=1779","title":{"rendered":"Concierto Presentaci\u00f3n Universidad Popular de Laciana 2013."},"content":{"rendered":"<p><a href=\"http:\/\/www.demusica.es\/index.php\/concierto-presentacion\/concierto-u-popular-2013\/\" rel=\"attachment wp-att-1769\"><img loading=\"lazy\" decoding=\"async\" class=\"alignnone size-medium wp-image-1769\" alt=\"Concierto U. Popular 2013\" src=\"http:\/\/www.demusica.es\/wp-content\/uploads\/2013\/02\/Concierto-U.-Popular-2013-211x300.jpg\" width=\"211\" height=\"300\" srcset=\"https:\/\/www.demusica.es\/wp-content\/uploads\/2013\/02\/Concierto-U.-Popular-2013-211x300.jpg 211w, https:\/\/www.demusica.es\/wp-content\/uploads\/2013\/02\/Concierto-U.-Popular-2013.jpg 362w\" sizes=\"auto, (max-width: 211px) 100vw, 211px\" \/><\/a><\/p>\n<p>&nbsp;<\/p>\n<p>Interpretes:<br \/>\n<strong>Ana Velasco Andonegui<\/strong> (flauta travesera)<br \/>\n<strong>Jessica Zarauza Dinis<\/strong> (piano)<br \/>\n<strong>Rub\u00e9n Mart\u00ednez Basti\u00e1n<\/strong> (flauta travesera)<\/p>\n<p><strong>Repertorio:<\/strong><br \/>\nDuett n\u00ba 1 para dos flautas Op. 404\u00a0\u00a0\u00a0\u00a0\u00a0\u00a0\u00a0\u00a0\u00a0\u00a0\u00a0\u00a0\u00a0 \u00a0\u00a0 W. Popp<br \/>\nKiss The Rain para flauta y piano\u00a0\u00a0\u00a0\u00a0\u00a0\u00a0\u00a0\u00a0\u00a0\u00a0\u00a0\u00a0\u00a0\u00a0\u00a0\u00a0\u00a0\u00a0\u00a0\u00a0 Yiruma<br \/>\nDueto de las flores para dos flautas y piano\u00a0\u00a0 L. Delibes<\/p>\n<p>&nbsp;<\/p>\n<div>\n<div><img loading=\"lazy\" decoding=\"async\" title=\"Cu\u00e1ndo\" alt=\"\" src=\"http:\/\/static.ak.fbcdn.net\/rsrc.php\/v2\/yJ\/r\/UmLbGfwEuH6.png\" width=\"16\" height=\"16\" \/> <strong>lunes, 4 de febrero de 2013\u00a0\u00a0 <img loading=\"lazy\" decoding=\"async\" title=\"Hora\" alt=\"\" src=\"http:\/\/static.ak.fbcdn.net\/rsrc.php\/v2\/y0\/r\/MY8128-Z6ed.png\" width=\"16\" height=\"16\" \/>18:00<\/strong><\/div>\n<div>\u00a0\u00a0\u00a0\u00a0 Auditorio Casa de Cultura de Villablino<\/div>\n<\/div>\n<p>&nbsp;<\/p>\n","protected":false},"excerpt":{"rendered":"<p>&nbsp; Interpretes: Ana Velasco Andonegui (flauta travesera) Jessica Zarauza Dinis (piano) Rub\u00e9n Mart\u00ednez Basti\u00e1n (flauta travesera) Repertorio: Duett n\u00ba 1 para dos flautas Op. 404\u00a0\u00a0\u00a0\u00a0\u00a0\u00a0\u00a0\u00a0\u00a0\u00a0\u00a0\u00a0\u00a0 \u00a0\u00a0 W. Popp Kiss The Rain para flauta y piano\u00a0\u00a0\u00a0\u00a0\u00a0\u00a0\u00a0\u00a0\u00a0\u00a0\u00a0\u00a0\u00a0\u00a0\u00a0\u00a0\u00a0\u00a0\u00a0\u00a0 Yiruma Dueto de las flores para dos flautas y piano\u00a0\u00a0 L. Delibes &nbsp; lunes, 4 de febrero de 2013\u00a0\u00a0 18:00&#8230;<\/p>\n","protected":false},"author":4,"featured_media":0,"comment_status":"open","ping_status":"open","sticky":false,"template":"","format":"standard","meta":{"_kad_post_transparent":"","_kad_post_title":"","_kad_post_layout":"","_kad_post_sidebar_id":"","_kad_post_content_style":"","_kad_post_vertical_padding":"","_kad_post_feature":"","_kad_post_feature_position":"","_kad_post_header":false,"_kad_post_footer":false,"_kad_post_classname":"","footnotes":""},"categories":[72,23],"tags":[],"class_list":["post-1779","post","type-post","status-publish","format-standard","hentry","category-conciertos","category-flauta-travesera"],"_links":{"self":[{"href":"https:\/\/www.demusica.es\/index.php?rest_route=\/wp\/v2\/posts\/1779","targetHints":{"allow":["GET"]}}],"collection":[{"href":"https:\/\/www.demusica.es\/index.php?rest_route=\/wp\/v2\/posts"}],"about":[{"href":"https:\/\/www.demusica.es\/index.php?rest_route=\/wp\/v2\/types\/post"}],"author":[{"embeddable":true,"href":"https:\/\/www.demusica.es\/index.php?rest_route=\/wp\/v2\/users\/4"}],"replies":[{"embeddable":true,"href":"https:\/\/www.demusica.es\/index.php?rest_route=%2Fwp%2Fv2%2Fcomments&post=1779"}],"version-history":[{"count":3,"href":"https:\/\/www.demusica.es\/index.php?rest_route=\/wp\/v2\/posts\/1779\/revisions"}],"predecessor-version":[{"id":1812,"href":"https:\/\/www.demusica.es\/index.php?rest_route=\/wp\/v2\/posts\/1779\/revisions\/1812"}],"wp:attachment":[{"href":"https:\/\/www.demusica.es\/index.php?rest_route=%2Fwp%2Fv2%2Fmedia&parent=1779"}],"wp:term":[{"taxonomy":"category","embeddable":true,"href":"https:\/\/www.demusica.es\/index.php?rest_route=%2Fwp%2Fv2%2Fcategories&post=1779"},{"taxonomy":"post_tag","embeddable":true,"href":"https:\/\/www.demusica.es\/index.php?rest_route=%2Fwp%2Fv2%2Ftags&post=1779"}],"curies":[{"name":"wp","href":"https:\/\/api.w.org\/{rel}","templated":true}]}}