{"id":1782,"date":"2013-02-17T16:59:01","date_gmt":"2013-02-17T14:59:01","guid":{"rendered":"http:\/\/www.demusica.es\/?p=1782"},"modified":"2013-02-17T17:01:09","modified_gmt":"2013-02-17T15:01:09","slug":"1782","status":"publish","type":"post","link":"https:\/\/www.demusica.es\/?p=1782","title":{"rendered":"XIV Seminarios de Flauta Travesera."},"content":{"rendered":"<p>&nbsp;<\/p>\n<p><a href=\"http:\/\/www.demusica.es\/index.php\/1782\/seminarios\/\" rel=\"attachment wp-att-1787\"><img loading=\"lazy\" decoding=\"async\" class=\"alignnone size-medium wp-image-1787\" alt=\"Seminarios\" src=\"http:\/\/www.demusica.es\/wp-content\/uploads\/2013\/02\/Seminarios-201x300.jpg\" width=\"201\" height=\"300\" srcset=\"https:\/\/www.demusica.es\/wp-content\/uploads\/2013\/02\/Seminarios-201x300.jpg 201w, https:\/\/www.demusica.es\/wp-content\/uploads\/2013\/02\/Seminarios.jpg 322w\" sizes=\"auto, (max-width: 201px) 100vw, 201px\" \/><\/a><\/p>\n<p><strong>XIV Seminarios de Flauta Travesera<\/strong><br \/>\nCurso 2012-2013<\/p>\n<p>Salvador Espasa y la Orquesta de Flautas de Le\u00f3n.<\/p>\n<p>Alumnos participantes de las aulas de flauta travesera del <em>profesor Rub\u00e9n Mart\u00ednez<\/em> de la <strong><em>Escuela Municipal de M\u00fasica \u00a8Laciana\u00bb de Vilablino (Le\u00f3n)<\/em><\/strong> y del <em><strong>Centro Musical Profesional \u00ab\u00c1ngel Mun\u00f1iz Toca\u00bb de Oviedo (Asturias):<\/strong><\/em><\/p>\n<p>Rub\u00e9n Mart\u00ednez; Maria Lopez; Yenel Fern\u00e1ndez; Irene Rey; Alvaro Bard\u00f3n; Geli Ni\u00f1o; Andrea Fern\u00e1ndez; Antonio Lopez; Sofia Menendez; Maria Ortega.<\/p>\n<div><img loading=\"lazy\" decoding=\"async\" title=\"Cu\u00e1ndo\" alt=\"\" src=\"http:\/\/static.ak.fbcdn.net\/rsrc.php\/v2\/yX\/x\/UmLbGfwEuH6.png\" width=\"16\" height=\"16\" \/>\u00a0 domingo, 28 de\u00a0octubre de 2012\u00a0\u00a0\u00a0\u00a0\u00a0 \u00a0\u00a0<img loading=\"lazy\" decoding=\"async\" title=\"Hora\" alt=\"\" src=\"http:\/\/static.ak.fbcdn.net\/rsrc.php\/v2\/yw\/x\/MY8128-Z6ed.png\" width=\"16\" height=\"16\" \/>\u00a0 11:00 &#8211; 14:00<\/div>\n<div><img loading=\"lazy\" decoding=\"async\" title=\"Cu\u00e1ndo\" alt=\"\" src=\"http:\/\/static.ak.fbcdn.net\/rsrc.php\/v2\/yX\/x\/UmLbGfwEuH6.png\" width=\"16\" height=\"16\" \/>\u00a0 domingo,\u00a018 de\u00a0diciembre de 2012\u00a0\u00a0\u00a0 <img loading=\"lazy\" decoding=\"async\" title=\"Hora\" alt=\"\" src=\"http:\/\/static.ak.fbcdn.net\/rsrc.php\/v2\/yw\/x\/MY8128-Z6ed.png\" width=\"16\" height=\"16\" \/>\u00a0 11:00 &#8211; 14:00<\/div>\n<div><img loading=\"lazy\" decoding=\"async\" title=\"Cu\u00e1ndo\" alt=\"\" src=\"http:\/\/static.ak.fbcdn.net\/rsrc.php\/v2\/yX\/x\/UmLbGfwEuH6.png\" width=\"16\" height=\"16\" \/>\u00a0 domingo, 24 de febrero de 2013\u00a0\u00a0\u00a0\u00a0\u00a0\u00a0\u00a0 \u00a0<img loading=\"lazy\" decoding=\"async\" title=\"Hora\" alt=\"\" src=\"http:\/\/static.ak.fbcdn.net\/rsrc.php\/v2\/yw\/x\/MY8128-Z6ed.png\" width=\"16\" height=\"16\" \/>\u00a0 11:00 &#8211; 14:00<\/div>\n<div id=\"u_33_2\">\u00a0\u00a0\u00a0\u00a0 Escuela de M\u00fasica de Vegellina de Orbigo (Le\u00f3n)<\/div>\n<p>&nbsp;<\/p>\n","protected":false},"excerpt":{"rendered":"<p>&nbsp; XIV Seminarios de Flauta Travesera Curso 2012-2013 Salvador Espasa y la Orquesta de Flautas de Le\u00f3n. Alumnos participantes de las aulas de flauta travesera del profesor Rub\u00e9n Mart\u00ednez de la Escuela Municipal de M\u00fasica \u00a8Laciana\u00bb de Vilablino (Le\u00f3n) y del Centro Musical Profesional \u00ab\u00c1ngel Mun\u00f1iz Toca\u00bb de Oviedo (Asturias): Rub\u00e9n Mart\u00ednez; Maria Lopez; Yenel&#8230;<\/p>\n","protected":false},"author":4,"featured_media":0,"comment_status":"open","ping_status":"open","sticky":false,"template":"","format":"standard","meta":{"_kad_post_transparent":"","_kad_post_title":"","_kad_post_layout":"","_kad_post_sidebar_id":"","_kad_post_content_style":"","_kad_post_vertical_padding":"","_kad_post_feature":"","_kad_post_feature_position":"","_kad_post_header":false,"_kad_post_footer":false,"_kad_post_classname":"","footnotes":""},"categories":[72,23],"tags":[],"class_list":["post-1782","post","type-post","status-publish","format-standard","hentry","category-conciertos","category-flauta-travesera"],"_links":{"self":[{"href":"https:\/\/www.demusica.es\/index.php?rest_route=\/wp\/v2\/posts\/1782","targetHints":{"allow":["GET"]}}],"collection":[{"href":"https:\/\/www.demusica.es\/index.php?rest_route=\/wp\/v2\/posts"}],"about":[{"href":"https:\/\/www.demusica.es\/index.php?rest_route=\/wp\/v2\/types\/post"}],"author":[{"embeddable":true,"href":"https:\/\/www.demusica.es\/index.php?rest_route=\/wp\/v2\/users\/4"}],"replies":[{"embeddable":true,"href":"https:\/\/www.demusica.es\/index.php?rest_route=%2Fwp%2Fv2%2Fcomments&post=1782"}],"version-history":[{"count":4,"href":"https:\/\/www.demusica.es\/index.php?rest_route=\/wp\/v2\/posts\/1782\/revisions"}],"predecessor-version":[{"id":1792,"href":"https:\/\/www.demusica.es\/index.php?rest_route=\/wp\/v2\/posts\/1782\/revisions\/1792"}],"wp:attachment":[{"href":"https:\/\/www.demusica.es\/index.php?rest_route=%2Fwp%2Fv2%2Fmedia&parent=1782"}],"wp:term":[{"taxonomy":"category","embeddable":true,"href":"https:\/\/www.demusica.es\/index.php?rest_route=%2Fwp%2Fv2%2Fcategories&post=1782"},{"taxonomy":"post_tag","embeddable":true,"href":"https:\/\/www.demusica.es\/index.php?rest_route=%2Fwp%2Fv2%2Ftags&post=1782"}],"curies":[{"name":"wp","href":"https:\/\/api.w.org\/{rel}","templated":true}]}}