{"id":1835,"date":"2013-02-24T22:29:43","date_gmt":"2013-02-24T20:29:43","guid":{"rendered":"http:\/\/www.demusica.es\/?p=1835"},"modified":"2013-02-26T00:28:53","modified_gmt":"2013-02-25T22:28:53","slug":"piazzolla-n-flute","status":"publish","type":"post","link":"https:\/\/www.demusica.es\/?p=1835","title":{"rendered":"Piazzolla n flute"},"content":{"rendered":"<p><a href=\"http:\/\/www.demusica.es\/index.php\/piazzolla%c2%b4n-flute\/disco-3\/\" rel=\"attachment wp-att-1841\"><img loading=\"lazy\" decoding=\"async\" class=\"alignnone size-medium wp-image-1841\" alt=\"disco\" src=\"http:\/\/www.demusica.es\/wp-content\/uploads\/2013\/02\/disco2-300x284.jpg\" width=\"300\" height=\"284\" srcset=\"https:\/\/www.demusica.es\/wp-content\/uploads\/2013\/02\/disco2-300x284.jpg 300w, https:\/\/www.demusica.es\/wp-content\/uploads\/2013\/02\/disco2.jpg 332w\" sizes=\"auto, (max-width: 300px) 100vw, 300px\" \/><\/a><\/p>\n<p><b>\u201cPiazzolla\u00b4n flute\u201d<\/b><\/p>\n<p><b>\u00a0EDUARDO TAMI <\/b>(flauta)<\/p>\n<p>1 &#8211;\u00a0 La muerte del \u00e1ngel<br \/>\n2 &#8211; Invierno porte\u00f1o<br \/>\n3 &#8211; Escualo<br \/>\n4-\u00a0 Oto\u00f1o porte\u00f1o<br \/>\n5 &#8211; Fuga y misterio<br \/>\n6 &#8211; La milonga del \u00e1ngel<br \/>\n7 &#8211;\u00a0 Verano porte\u00f1o<br \/>\n8 &#8211; Tristezas de un doble A<br \/>\n9 &#8211; Primavera porte\u00f1a<br \/>\n10 &#8211; Libertango<\/p>\n<p>El flautista argentino Eduardo Tami\u00a0acaba de lanzar un nuevo cd. Esta vez dedicado \u00edntegramente a obras escritas Astor Piazzola. Los arreglos y reducciones fueron realizados por el mismo Eduardo Tami. Para esta producci\u00f3n, fue acompa\u00f1ado por el pianista Federico P\u00e9rez y el guitarrista Alejandro Bordas.<\/p>\n<p>Los temas que integran el presenta trabajo discogr\u00e1fico son:\u00a0 La muerte del \u00e1ngel, Invierno porte\u00f1o, Escualo, Oto\u00f1o porte\u00f1o, Fuga y misterio, La milonga del \u00e1ngel, Verano porte\u00f1o, Tristezas de un Doble A, Primavera porte\u00f1a y Libertango.<\/p>\n<p>Fue grabado \u00edntegramente en el 2009 en los estudios Juli Record.<\/p>\n<p>Todos los temas fueron compuestos por Astor Piazzolla. Los arreglos y reducciones fueron \u00a0hechos por Eduardo Tami.<\/p>\n<p>&#8211;\u00a0 <b>Eduardo Tami<\/b>\u00a0(flauta)<br \/>\n&#8211;\u00a0 <b>Alejandro Bordas<\/b> (guitarra)<br \/>\n&#8211;\u00a0 <b>Fedrico P\u00e9rez<\/b>\u00a0(piano)<\/p>\n","protected":false},"excerpt":{"rendered":"<p>\u201cPiazzolla\u00b4n flute\u201d \u00a0EDUARDO TAMI (flauta) 1 &#8211;\u00a0 La muerte del \u00e1ngel 2 &#8211; Invierno porte\u00f1o 3 &#8211; Escualo 4-\u00a0 Oto\u00f1o porte\u00f1o 5 &#8211; Fuga y misterio 6 &#8211; La milonga del \u00e1ngel 7 &#8211;\u00a0 Verano porte\u00f1o 8 &#8211; Tristezas de un doble A 9 &#8211; Primavera porte\u00f1a 10 &#8211; Libertango El flautista argentino Eduardo Tami\u00a0acaba&#8230;<\/p>\n","protected":false},"author":4,"featured_media":0,"comment_status":"open","ping_status":"open","sticky":false,"template":"","format":"standard","meta":{"_kad_post_transparent":"","_kad_post_title":"","_kad_post_layout":"","_kad_post_sidebar_id":"","_kad_post_content_style":"","_kad_post_vertical_padding":"","_kad_post_feature":"","_kad_post_feature_position":"","_kad_post_header":false,"_kad_post_footer":false,"_kad_post_classname":"","footnotes":""},"categories":[71,23],"tags":[],"class_list":["post-1835","post","type-post","status-publish","format-standard","hentry","category-discos-flauta-travesera","category-flauta-travesera"],"_links":{"self":[{"href":"https:\/\/www.demusica.es\/index.php?rest_route=\/wp\/v2\/posts\/1835","targetHints":{"allow":["GET"]}}],"collection":[{"href":"https:\/\/www.demusica.es\/index.php?rest_route=\/wp\/v2\/posts"}],"about":[{"href":"https:\/\/www.demusica.es\/index.php?rest_route=\/wp\/v2\/types\/post"}],"author":[{"embeddable":true,"href":"https:\/\/www.demusica.es\/index.php?rest_route=\/wp\/v2\/users\/4"}],"replies":[{"embeddable":true,"href":"https:\/\/www.demusica.es\/index.php?rest_route=%2Fwp%2Fv2%2Fcomments&post=1835"}],"version-history":[{"count":7,"href":"https:\/\/www.demusica.es\/index.php?rest_route=\/wp\/v2\/posts\/1835\/revisions"}],"predecessor-version":[{"id":1842,"href":"https:\/\/www.demusica.es\/index.php?rest_route=\/wp\/v2\/posts\/1835\/revisions\/1842"}],"wp:attachment":[{"href":"https:\/\/www.demusica.es\/index.php?rest_route=%2Fwp%2Fv2%2Fmedia&parent=1835"}],"wp:term":[{"taxonomy":"category","embeddable":true,"href":"https:\/\/www.demusica.es\/index.php?rest_route=%2Fwp%2Fv2%2Fcategories&post=1835"},{"taxonomy":"post_tag","embeddable":true,"href":"https:\/\/www.demusica.es\/index.php?rest_route=%2Fwp%2Fv2%2Ftags&post=1835"}],"curies":[{"name":"wp","href":"https:\/\/api.w.org\/{rel}","templated":true}]}}