{"id":1852,"date":"2013-03-17T21:31:42","date_gmt":"2013-03-17T19:31:42","guid":{"rendered":"http:\/\/www.demusica.es\/?p=1852"},"modified":"2013-03-17T22:10:40","modified_gmt":"2013-03-17T20:10:40","slug":"audicion-talleres-musicales-agrupacion-coral-ecos-de-onis","status":"publish","type":"post","link":"https:\/\/www.demusica.es\/?p=1852","title":{"rendered":"Audici\u00f3n Talleres Musicales &#038; Agrupaci\u00f3n Coral \u00abEcos de On\u00eds\u00bb"},"content":{"rendered":"<p style=\"text-align: left;\">El pr\u00f3ximo viernes podremos escuchar en la Iglesia de Benia de On\u00eds una audici\u00f3n de los alumnos\/as de los Talleres Musicales de Benia de On\u00eds y la presentaci\u00f3n en p\u00fablico de un nuevo grupo musical, la Agrupaci\u00f3n Coral \u00abEcos de On\u00eds\u00bb.<\/p>\n<p style=\"text-align: center;\"><a href=\"http:\/\/www.demusica.es\/wp-content\/uploads\/2013\/03\/CARTEL-CONCIERTO-SEGUNDO-TRIMESTRE-BENIA-DE-ONIS-A3.jpg\"><img loading=\"lazy\" decoding=\"async\" class=\"alignnone size-medium wp-image-1851\" alt=\"CARTEL CONCIERTO SEGUNDO TRIMESTRE BENIA DE ONIS A3\" src=\"http:\/\/www.demusica.es\/wp-content\/uploads\/2013\/03\/CARTEL-CONCIERTO-SEGUNDO-TRIMESTRE-BENIA-DE-ONIS-A3-212x300.jpg\" width=\"212\" height=\"300\" srcset=\"https:\/\/www.demusica.es\/wp-content\/uploads\/2013\/03\/CARTEL-CONCIERTO-SEGUNDO-TRIMESTRE-BENIA-DE-ONIS-A3-212x300.jpg 212w, https:\/\/www.demusica.es\/wp-content\/uploads\/2013\/03\/CARTEL-CONCIERTO-SEGUNDO-TRIMESTRE-BENIA-DE-ONIS-A3-724x1024.jpg 724w, https:\/\/www.demusica.es\/wp-content\/uploads\/2013\/03\/CARTEL-CONCIERTO-SEGUNDO-TRIMESTRE-BENIA-DE-ONIS-A3.jpg 1754w\" sizes=\"auto, (max-width: 212px) 100vw, 212px\" \/><\/a><\/p>\n<p style=\"text-align: center;\">\n","protected":false},"excerpt":{"rendered":"<p>El pr\u00f3ximo viernes podremos escuchar en la Iglesia de Benia de On\u00eds una audici\u00f3n de los alumnos\/as de los Talleres Musicales de Benia de On\u00eds y la presentaci\u00f3n en p\u00fablico de un nuevo grupo musical, la Agrupaci\u00f3n Coral \u00abEcos de On\u00eds\u00bb.<\/p>\n","protected":false},"author":2,"featured_media":0,"comment_status":"open","ping_status":"open","sticky":false,"template":"","format":"standard","meta":{"_kad_post_transparent":"","_kad_post_title":"","_kad_post_layout":"","_kad_post_sidebar_id":"","_kad_post_content_style":"","_kad_post_vertical_padding":"","_kad_post_feature":"","_kad_post_feature_position":"","_kad_post_header":false,"_kad_post_footer":false,"_kad_post_classname":"","footnotes":""},"categories":[44,67,56,27,23,24,22,25,50,66,70,53,49,1,48],"tags":[],"class_list":["post-1852","post","type-post","status-publish","format-standard","hentry","category-clarinete","category-coro","category-cursos","category-musica-primaria","category-flauta-travesera","category-grabacion","category-guitarra","category-historia-de-la-musica","category-juegos-musicales","category-musica-y-movimiento","category-noticias","category-piano","category-saxofon","category-violin","category-violoncello"],"_links":{"self":[{"href":"https:\/\/www.demusica.es\/index.php?rest_route=\/wp\/v2\/posts\/1852","targetHints":{"allow":["GET"]}}],"collection":[{"href":"https:\/\/www.demusica.es\/index.php?rest_route=\/wp\/v2\/posts"}],"about":[{"href":"https:\/\/www.demusica.es\/index.php?rest_route=\/wp\/v2\/types\/post"}],"author":[{"embeddable":true,"href":"https:\/\/www.demusica.es\/index.php?rest_route=\/wp\/v2\/users\/2"}],"replies":[{"embeddable":true,"href":"https:\/\/www.demusica.es\/index.php?rest_route=%2Fwp%2Fv2%2Fcomments&post=1852"}],"version-history":[{"count":6,"href":"https:\/\/www.demusica.es\/index.php?rest_route=\/wp\/v2\/posts\/1852\/revisions"}],"predecessor-version":[{"id":1861,"href":"https:\/\/www.demusica.es\/index.php?rest_route=\/wp\/v2\/posts\/1852\/revisions\/1861"}],"wp:attachment":[{"href":"https:\/\/www.demusica.es\/index.php?rest_route=%2Fwp%2Fv2%2Fmedia&parent=1852"}],"wp:term":[{"taxonomy":"category","embeddable":true,"href":"https:\/\/www.demusica.es\/index.php?rest_route=%2Fwp%2Fv2%2Fcategories&post=1852"},{"taxonomy":"post_tag","embeddable":true,"href":"https:\/\/www.demusica.es\/index.php?rest_route=%2Fwp%2Fv2%2Ftags&post=1852"}],"curies":[{"name":"wp","href":"https:\/\/api.w.org\/{rel}","templated":true}]}}