{"id":1864,"date":"2013-03-28T17:27:08","date_gmt":"2013-03-28T15:27:08","guid":{"rendered":"http:\/\/www.demusica.es\/?p=1864"},"modified":"2013-03-28T17:33:30","modified_gmt":"2013-03-28T15:33:30","slug":"concierto-de-primavera","status":"publish","type":"post","link":"https:\/\/www.demusica.es\/?p=1864","title":{"rendered":"Concierto de Primavera"},"content":{"rendered":"<p>&nbsp;<\/p>\n<p><a href=\"http:\/\/www.demusica.es\/index.php\/concierto-de-primavera\/concierto-primavera\/\" rel=\"attachment wp-att-1870\"><img loading=\"lazy\" decoding=\"async\" class=\"alignnone size-medium wp-image-1870\" alt=\"Concierto Primavera\" src=\"http:\/\/www.demusica.es\/wp-content\/uploads\/2013\/03\/Concierto-Primavera-211x300.jpg\" width=\"211\" height=\"300\" srcset=\"https:\/\/www.demusica.es\/wp-content\/uploads\/2013\/03\/Concierto-Primavera-211x300.jpg 211w, https:\/\/www.demusica.es\/wp-content\/uploads\/2013\/03\/Concierto-Primavera.jpg 452w\" sizes=\"auto, (max-width: 211px) 100vw, 211px\" \/><\/a><\/p>\n<p><strong>Concierto de Primavera<\/strong><\/p>\n<p>II Jornadas de Intercambio<\/p>\n<p>El Centro Profesional de M\u00fasica &#8216;Mu\u00f1iz Toca&#8217;, con el profesor Rub\u00e9n Mart\u00ednez y la Banda de M\u00fasica de Villaviciosa, dirigida por Jos\u00e9 Antonio Fern\u00e1ndez,\u00a0 ofrecer\u00e1n un Concierto de Primavera el domingo 7 de abril, a las 19 horas, en el Teatro Riera de Villaviciosa, con entrada gratuita.<\/p>\n<p>Esta actividad se incluye dentro de las II Jornadas de Intercambio que organiza el Centro Musical.<\/p>\n<p>El Concierto, de tipo did\u00e1ctico, ofrecer\u00e1 m\u00fasica de c\u00e1mara por un espacio de 70 minutos.<\/p>\n<p>Flautas, clarinetes y saxof\u00f3n ser\u00e1n los protagonistas de una sesi\u00f3n musical muy cercana para que el p\u00fablico disfrute y profundice en el conocimiento de los distintos instrumentos.<\/p>\n<p>Organizado por el Centro Musical \u00abA. Mu\u00f1iz Toca\u00bb, la Banda de M\u00fasica de Villaviciosa y Demusica.<\/p>\n","protected":false},"excerpt":{"rendered":"<p>&nbsp; Concierto de Primavera II Jornadas de Intercambio El Centro Profesional de M\u00fasica &#8216;Mu\u00f1iz Toca&#8217;, con el profesor Rub\u00e9n Mart\u00ednez y la Banda de M\u00fasica de Villaviciosa, dirigida por Jos\u00e9 Antonio Fern\u00e1ndez,\u00a0 ofrecer\u00e1n un Concierto de Primavera el domingo 7 de abril, a las 19 horas, en el Teatro Riera de Villaviciosa, con entrada gratuita&#8230;.<\/p>\n","protected":false},"author":4,"featured_media":0,"comment_status":"open","ping_status":"open","sticky":false,"template":"","format":"standard","meta":{"_kad_post_transparent":"","_kad_post_title":"","_kad_post_layout":"","_kad_post_sidebar_id":"","_kad_post_content_style":"","_kad_post_vertical_padding":"","_kad_post_feature":"","_kad_post_feature_position":"","_kad_post_header":false,"_kad_post_footer":false,"_kad_post_classname":"","footnotes":""},"categories":[72,23],"tags":[],"class_list":["post-1864","post","type-post","status-publish","format-standard","hentry","category-conciertos","category-flauta-travesera"],"_links":{"self":[{"href":"https:\/\/www.demusica.es\/index.php?rest_route=\/wp\/v2\/posts\/1864","targetHints":{"allow":["GET"]}}],"collection":[{"href":"https:\/\/www.demusica.es\/index.php?rest_route=\/wp\/v2\/posts"}],"about":[{"href":"https:\/\/www.demusica.es\/index.php?rest_route=\/wp\/v2\/types\/post"}],"author":[{"embeddable":true,"href":"https:\/\/www.demusica.es\/index.php?rest_route=\/wp\/v2\/users\/4"}],"replies":[{"embeddable":true,"href":"https:\/\/www.demusica.es\/index.php?rest_route=%2Fwp%2Fv2%2Fcomments&post=1864"}],"version-history":[{"count":6,"href":"https:\/\/www.demusica.es\/index.php?rest_route=\/wp\/v2\/posts\/1864\/revisions"}],"predecessor-version":[{"id":1868,"href":"https:\/\/www.demusica.es\/index.php?rest_route=\/wp\/v2\/posts\/1864\/revisions\/1868"}],"wp:attachment":[{"href":"https:\/\/www.demusica.es\/index.php?rest_route=%2Fwp%2Fv2%2Fmedia&parent=1864"}],"wp:term":[{"taxonomy":"category","embeddable":true,"href":"https:\/\/www.demusica.es\/index.php?rest_route=%2Fwp%2Fv2%2Fcategories&post=1864"},{"taxonomy":"post_tag","embeddable":true,"href":"https:\/\/www.demusica.es\/index.php?rest_route=%2Fwp%2Fv2%2Ftags&post=1864"}],"curies":[{"name":"wp","href":"https:\/\/api.w.org\/{rel}","templated":true}]}}