{"id":1880,"date":"2013-04-02T20:28:04","date_gmt":"2013-04-02T18:28:04","guid":{"rendered":"http:\/\/www.demusica.es\/?p=1880"},"modified":"2013-04-24T23:18:06","modified_gmt":"2013-04-24T21:18:06","slug":"concierto-didactico-tocala-otra-vez-mozart","status":"publish","type":"post","link":"https:\/\/www.demusica.es\/?p=1880","title":{"rendered":"Concierto Did\u00e1ctico &#8211; \u00a1 T\u00f3cala otra vez Mozart !"},"content":{"rendered":"<p style=\"text-align: center;\"><a href=\"http:\/\/www.demusica.es\/wp-content\/uploads\/2013\/04\/Didactico-2013.jpg\"><img loading=\"lazy\" decoding=\"async\" class=\"alignnone size-full wp-image-1881\" alt=\"Didactico 2013\" src=\"http:\/\/www.demusica.es\/wp-content\/uploads\/2013\/04\/Didactico-2013.jpg\" width=\"448\" height=\"644\" srcset=\"https:\/\/www.demusica.es\/wp-content\/uploads\/2013\/04\/Didactico-2013.jpg 448w, https:\/\/www.demusica.es\/wp-content\/uploads\/2013\/04\/Didactico-2013-208x300.jpg 208w\" sizes=\"auto, (max-width: 448px) 100vw, 448px\" \/><\/a><\/p>\n<p style=\"text-align: center;\"><strong>\u00a1 T\u00f3cala otra vez Mozart !<\/strong><\/p>\n<div id=\"id_515b146e0a7081678499161\" style=\"text-align: center;\">Semana Cultural de Ribadesella<\/div>\n<div style=\"text-align: center;\">Concierto Did\u00e1ctico a cargo del Grupo de C\u00e1mara \u201cGiuseppe Guarneri\u201d<\/div>\n<div><\/div>\n<div>Este Concierto Did\u00e1ctico pretende dar a conocer la vida del compositor Wolfgang Amadeus Mozart con\u00a0 una selecci\u00f3n musical<\/div>\n<div>ejecutada por los componentes del Grupo de C\u00e1mara \u201cGiuseppe Guarneri\u201d, lo que nos permitir\u00e1 mostrar las posibilidades sonoras,<\/div>\n<div>t\u00e9cnicas y variaciones t\u00edmbricas de la flauta travesera, el viol\u00edn, la viola, el violoncello, el piano, etc\u2026<\/div>\n<div><\/div>\n<div>Transportados en el tiempo con ayuda de su m\u00fasica y una especial puesta en escena, conoceremos a Wolfgang Amadeus Mozart de<\/div>\n<div>un modo divertido.<\/div>\n<div><\/div>\n<div>Esta actividad cuenta con una unidad did\u00e1ctica pensada para reforzar los contenidos aprendidos en el concierto: los instrumentos<\/div>\n<div>participantes, la vida de Mozart, los personajes que aparecen en el concierto, las piezas musicales, juegos musicales etc.<\/div>\n<div><\/div>\n<div style=\"text-align: center;\">\n<hr \/>\n<\/div>\n<div style=\"text-align: center;\"><a href=\"http:\/\/www.demusica.es\/wp-content\/uploads\/2013\/04\/12928735.jpg\"><img loading=\"lazy\" decoding=\"async\" class=\"alignnone size-full wp-image-1947\" alt=\"12928735\" src=\"http:\/\/www.demusica.es\/wp-content\/uploads\/2013\/04\/12928735.jpg\" width=\"300\" height=\"167\" \/><\/a><\/p>\n<p style=\"text-align: left;\">Ribadesella 23\/04\/2013<\/p>\n<p style=\"text-align: justify;\">El Grupo de C\u00e1mara Giuseppe Guarneri ofreci\u00f3, por octavo a\u00f1o consecutivo, un concierto bajo el t\u00edtulo \u2018T\u00f3cala otra vez Mozart\u2019. La actividad est\u00e1 enmarcada dentro del programa de la Semana Cultural y es uno de los actos favoritos de los m\u00e1s peque\u00f1os. Ayer hubo dos pases, uno para los alumnos del C.P. Manuel Fern\u00e1ndez Juncos y otro para los del colegio Nuestra Se\u00f1ora del Rosario.<\/p>\n<\/div>\n<div style=\"text-align: center;\"><\/div>\n<div style=\"text-align: center;\"><\/div>\n<div style=\"text-align: center;\"><\/div>\n<div style=\"text-align: center;\"><a href=\"http:\/\/www.elcomercio.es\/v\/20130424\/oriente\/letras-unen-colombres-20130424.html\">http:\/\/www.elcomercio.es\/v\/20130424\/oriente\/letras-unen-colombres-20130424.html<\/a><\/div>\n<div style=\"text-align: center;\"><\/div>\n<div><\/div>\n","protected":false},"excerpt":{"rendered":"<p>\u00a1 T\u00f3cala otra vez Mozart ! Semana Cultural de Ribadesella Concierto Did\u00e1ctico a cargo del Grupo de C\u00e1mara \u201cGiuseppe Guarneri\u201d Este Concierto Did\u00e1ctico pretende dar a conocer la vida del compositor Wolfgang Amadeus Mozart con\u00a0 una selecci\u00f3n musical ejecutada por los componentes del Grupo de C\u00e1mara \u201cGiuseppe Guarneri\u201d, lo que nos permitir\u00e1 mostrar las posibilidades&#8230;<\/p>\n","protected":false},"author":4,"featured_media":0,"comment_status":"open","ping_status":"open","sticky":false,"template":"","format":"standard","meta":{"_kad_post_transparent":"","_kad_post_title":"","_kad_post_layout":"","_kad_post_sidebar_id":"","_kad_post_content_style":"","_kad_post_vertical_padding":"","_kad_post_feature":"","_kad_post_feature_position":"","_kad_post_header":false,"_kad_post_footer":false,"_kad_post_classname":"","footnotes":""},"categories":[72,23],"tags":[],"class_list":["post-1880","post","type-post","status-publish","format-standard","hentry","category-conciertos","category-flauta-travesera"],"_links":{"self":[{"href":"https:\/\/www.demusica.es\/index.php?rest_route=\/wp\/v2\/posts\/1880","targetHints":{"allow":["GET"]}}],"collection":[{"href":"https:\/\/www.demusica.es\/index.php?rest_route=\/wp\/v2\/posts"}],"about":[{"href":"https:\/\/www.demusica.es\/index.php?rest_route=\/wp\/v2\/types\/post"}],"author":[{"embeddable":true,"href":"https:\/\/www.demusica.es\/index.php?rest_route=\/wp\/v2\/users\/4"}],"replies":[{"embeddable":true,"href":"https:\/\/www.demusica.es\/index.php?rest_route=%2Fwp%2Fv2%2Fcomments&post=1880"}],"version-history":[{"count":9,"href":"https:\/\/www.demusica.es\/index.php?rest_route=\/wp\/v2\/posts\/1880\/revisions"}],"predecessor-version":[{"id":1885,"href":"https:\/\/www.demusica.es\/index.php?rest_route=\/wp\/v2\/posts\/1880\/revisions\/1885"}],"wp:attachment":[{"href":"https:\/\/www.demusica.es\/index.php?rest_route=%2Fwp%2Fv2%2Fmedia&parent=1880"}],"wp:term":[{"taxonomy":"category","embeddable":true,"href":"https:\/\/www.demusica.es\/index.php?rest_route=%2Fwp%2Fv2%2Fcategories&post=1880"},{"taxonomy":"post_tag","embeddable":true,"href":"https:\/\/www.demusica.es\/index.php?rest_route=%2Fwp%2Fv2%2Ftags&post=1880"}],"curies":[{"name":"wp","href":"https:\/\/api.w.org\/{rel}","templated":true}]}}