{"id":1931,"date":"2013-04-14T11:42:44","date_gmt":"2013-04-14T09:42:44","guid":{"rendered":"http:\/\/www.demusica.es\/?p=1931"},"modified":"2013-04-14T11:42:44","modified_gmt":"2013-04-14T09:42:44","slug":"siete-pianos-para-tocar-en-la-calle","status":"publish","type":"post","link":"https:\/\/www.demusica.es\/?p=1931","title":{"rendered":"Siete pianos para tocar en la calle"},"content":{"rendered":"<p style=\"text-align: center;\">\n<h2><span style=\"font-size: medium;\">Cualquier ciudadano puede usar los instrumentos, colocados en lugares emblem\u00e1ticos de la ciudad<\/span><\/h2>\n<p style=\"text-align: center;\"><a href=\"http:\/\/www.demusica.es\/wp-content\/uploads\/2013\/04\/1365786193_859829_1365786427_noticia_normal.jpg\"><img loading=\"lazy\" decoding=\"async\" class=\"alignnone size-full wp-image-1932\" alt=\"1365786193_859829_1365786427_noticia_normal\" src=\"http:\/\/www.demusica.es\/wp-content\/uploads\/2013\/04\/1365786193_859829_1365786427_noticia_normal.jpg\" width=\"560\" height=\"400\" srcset=\"https:\/\/www.demusica.es\/wp-content\/uploads\/2013\/04\/1365786193_859829_1365786427_noticia_normal.jpg 560w, https:\/\/www.demusica.es\/wp-content\/uploads\/2013\/04\/1365786193_859829_1365786427_noticia_normal-300x214.jpg 300w\" sizes=\"auto, (max-width: 560px) 100vw, 560px\" \/><\/a><\/p>\n<p style=\"text-align: center;\">\n<p>Siete pianos de cola est\u00e1n hoy a disposici\u00f3n del p\u00fablico en algunos de los lugas m\u00e1s emblem\u00e1ticos de Bilbao para que los utilicen los transeuntes que quieran.\u00a0<em>\u00ab\u00a1T\u00f3came!, estoy en tus manos\u00bb,<\/em>\u00a0reza el lema puesto en los instrumentos, que est\u00e1n colocados en el Museo Guggenheim, la Alh\u00f3ndiga de Bilbao, la Diputaci\u00f3n, la Plaza Nueva, la Catedral, la estaci\u00f3n de Abando y la Gran V\u00eda.<\/p>\n<p>Desde las once de la ma\u00f1ana los ciudadanos que quieran pueden soltase y tocar en ellos, aunque los espont\u00e1neos que han empezado a esa hora eran m\u00e1s bien virtuosos.<\/p>\n<p>La amenaza de lluvia ha hecho que los pianos se coloquen a cubierto en el Guggenheim, en el vest\u00edbulo de Renfe o en los soportales de la Plaza Nueva, pero est\u00e1n al aire libre entre las terrazas de la calle Diputaci\u00f3n.<\/p>\n<p>Adem\u00e1s de promocionar la m\u00fasica, la iniciativa persigue dar a conocer el concurso internacional Mar\u00eda Canals, que ya instal\u00f3 pianos en los puntos m\u00e1s representativos de Madrid y Barcelona. La pasada edici\u00f3n de este concurso musical, celebrada en el Palau de la M\u00fasica Catalana de Barcelona, cont\u00f3 con la participaci\u00f3n de 89 pianistas de 23 nacionalidades.<\/p>\n","protected":false},"excerpt":{"rendered":"<p>Cualquier ciudadano puede usar los instrumentos, colocados en lugares emblem\u00e1ticos de la ciudad Siete pianos de cola est\u00e1n hoy a disposici\u00f3n del p\u00fablico en algunos de los lugas m\u00e1s emblem\u00e1ticos de Bilbao para que los utilicen los transeuntes que quieran.\u00a0\u00ab\u00a1T\u00f3came!, estoy en tus manos\u00bb,\u00a0reza el lema puesto en los instrumentos, que est\u00e1n colocados en el&#8230;<\/p>\n","protected":false},"author":2,"featured_media":0,"comment_status":"open","ping_status":"open","sticky":false,"template":"","format":"standard","meta":{"_kad_post_transparent":"","_kad_post_title":"","_kad_post_layout":"","_kad_post_sidebar_id":"","_kad_post_content_style":"","_kad_post_vertical_padding":"","_kad_post_feature":"","_kad_post_feature_position":"","_kad_post_header":false,"_kad_post_footer":false,"_kad_post_classname":"","footnotes":""},"categories":[53,1],"tags":[],"class_list":["post-1931","post","type-post","status-publish","format-standard","hentry","category-piano","category-violin"],"_links":{"self":[{"href":"https:\/\/www.demusica.es\/index.php?rest_route=\/wp\/v2\/posts\/1931","targetHints":{"allow":["GET"]}}],"collection":[{"href":"https:\/\/www.demusica.es\/index.php?rest_route=\/wp\/v2\/posts"}],"about":[{"href":"https:\/\/www.demusica.es\/index.php?rest_route=\/wp\/v2\/types\/post"}],"author":[{"embeddable":true,"href":"https:\/\/www.demusica.es\/index.php?rest_route=\/wp\/v2\/users\/2"}],"replies":[{"embeddable":true,"href":"https:\/\/www.demusica.es\/index.php?rest_route=%2Fwp%2Fv2%2Fcomments&post=1931"}],"version-history":[{"count":1,"href":"https:\/\/www.demusica.es\/index.php?rest_route=\/wp\/v2\/posts\/1931\/revisions"}],"predecessor-version":[{"id":1933,"href":"https:\/\/www.demusica.es\/index.php?rest_route=\/wp\/v2\/posts\/1931\/revisions\/1933"}],"wp:attachment":[{"href":"https:\/\/www.demusica.es\/index.php?rest_route=%2Fwp%2Fv2%2Fmedia&parent=1931"}],"wp:term":[{"taxonomy":"category","embeddable":true,"href":"https:\/\/www.demusica.es\/index.php?rest_route=%2Fwp%2Fv2%2Fcategories&post=1931"},{"taxonomy":"post_tag","embeddable":true,"href":"https:\/\/www.demusica.es\/index.php?rest_route=%2Fwp%2Fv2%2Ftags&post=1931"}],"curies":[{"name":"wp","href":"https:\/\/api.w.org\/{rel}","templated":true}]}}