{"id":1934,"date":"2013-04-15T08:14:56","date_gmt":"2013-04-15T06:14:56","guid":{"rendered":"http:\/\/www.demusica.es\/?p=1934"},"modified":"2013-04-15T08:14:56","modified_gmt":"2013-04-15T06:14:56","slug":"muere-director-de-orquesta-britanico-colin-davis","status":"publish","type":"post","link":"https:\/\/www.demusica.es\/?p=1934","title":{"rendered":"Muere director de orquesta brit\u00e1nico Colin Davis"},"content":{"rendered":"<p style=\"text-align: center;\"><a href=\"http:\/\/www.demusica.es\/wp-content\/uploads\/2013\/04\/2.jpg\"><img loading=\"lazy\" decoding=\"async\" class=\"alignnone size-full wp-image-1935\" alt=\"2\" src=\"http:\/\/www.demusica.es\/wp-content\/uploads\/2013\/04\/2.jpg\" width=\"650\" height=\"435\" srcset=\"https:\/\/www.demusica.es\/wp-content\/uploads\/2013\/04\/2.jpg 650w, https:\/\/www.demusica.es\/wp-content\/uploads\/2013\/04\/2-300x200.jpg 300w\" sizes=\"auto, (max-width: 650px) 100vw, 650px\" \/><\/a><\/p>\n<p style=\"text-align: center;\"><a href=\"http:\/\/www.demusica.es\/wp-content\/uploads\/2013\/04\/lazo_0.jpg\"><img loading=\"lazy\" decoding=\"async\" class=\"alignnone  wp-image-1936\" alt=\"lazo_0\" src=\"http:\/\/www.demusica.es\/wp-content\/uploads\/2013\/04\/lazo_0.jpg\" width=\"401\" height=\"227\" srcset=\"https:\/\/www.demusica.es\/wp-content\/uploads\/2013\/04\/lazo_0.jpg 669w, https:\/\/www.demusica.es\/wp-content\/uploads\/2013\/04\/lazo_0-300x169.jpg 300w\" sizes=\"auto, (max-width: 401px) 100vw, 401px\" \/><\/a><\/p>\n<p style=\"text-align: center;\"><span style=\"font-size: large;\">\u00abDESCANSE EN PAZ\u00bb<\/span><\/p>\n<p style=\"text-align: center;\">\n<p>El director de orquesta brit\u00e1nico Sir Colin Davis muri\u00f3 a los 85 a\u00f1os tras sufrir una larga enfermedad, seg\u00fan dio a conocer en la noche de hoy la Orquesta Sinf\u00f3nica de Londres.<\/p>\n<p>Davis era conocido internacionalmente por sus interpretaciones de Mozart, Berlioz y Sibelius.<\/p>\n<p>\u00abLo extra\u00f1aremos con mucho afecto y admiraci\u00f3n\u00bb, indic\u00f3 el comunicado de la orquesta, a la que dirigi\u00f3 por primera vez en 1959 y de la cual fue jefe titular entre 1995 y 2006.<\/p>\n<p>\u00abEl rol de Sir Colin en la vida musical brit\u00e1nica era gigante. Los amantes de la m\u00fasica de todo el mundo se vieron inspirados por sus actuaciones y grabaciones\u00bb, a\u00f1adi\u00f3 el texto.<\/p>\n<p>En enero Davis hab\u00eda cancelado todos los conciertos hasta el fin de la temporada.<\/p>\n<p>En su larga carrera, el director trabaj\u00f3 con las orquestas m\u00e1s conocidas del mundo, entre las que se cuentan la Filarm\u00f3nica de Nueva York y la Orquesta Sinf\u00f3nica de Boston.<\/p>\n<p>Davis hab\u00eda nacido el 25 de septiembre de 1927 en Wybridge, en el condado de Surrey, en el sur de Inglaterra y estudi\u00f3 en el Royal College of Music de Londres.<\/p>\n<p>En 1980 fue nombrado Caballero, pero siempre mantuvo su humildad. Su m\u00fasica siempre estuvo en primer lugar. En una entrevista dijo: \u00abLa m\u00fasica cl\u00e1sica es el hallazgo m\u00e1s hermoso de los hombres. Siempre habr\u00e1 gente que se dejar\u00e1 seducir por ella\u00bb. \/DPA<\/p>\n","protected":false},"excerpt":{"rendered":"<p>\u00abDESCANSE EN PAZ\u00bb El director de orquesta brit\u00e1nico Sir Colin Davis muri\u00f3 a los 85 a\u00f1os tras sufrir una larga enfermedad, seg\u00fan dio a conocer en la noche de hoy la Orquesta Sinf\u00f3nica de Londres. Davis era conocido internacionalmente por sus interpretaciones de Mozart, Berlioz y Sibelius. \u00abLo extra\u00f1aremos con mucho afecto y admiraci\u00f3n\u00bb, indic\u00f3&#8230;<\/p>\n","protected":false},"author":2,"featured_media":0,"comment_status":"open","ping_status":"open","sticky":false,"template":"","format":"standard","meta":{"_kad_post_transparent":"","_kad_post_title":"","_kad_post_layout":"","_kad_post_sidebar_id":"","_kad_post_content_style":"","_kad_post_vertical_padding":"","_kad_post_feature":"","_kad_post_feature_position":"","_kad_post_header":false,"_kad_post_footer":false,"_kad_post_classname":"","footnotes":""},"categories":[1],"tags":[],"class_list":["post-1934","post","type-post","status-publish","format-standard","hentry","category-violin"],"_links":{"self":[{"href":"https:\/\/www.demusica.es\/index.php?rest_route=\/wp\/v2\/posts\/1934","targetHints":{"allow":["GET"]}}],"collection":[{"href":"https:\/\/www.demusica.es\/index.php?rest_route=\/wp\/v2\/posts"}],"about":[{"href":"https:\/\/www.demusica.es\/index.php?rest_route=\/wp\/v2\/types\/post"}],"author":[{"embeddable":true,"href":"https:\/\/www.demusica.es\/index.php?rest_route=\/wp\/v2\/users\/2"}],"replies":[{"embeddable":true,"href":"https:\/\/www.demusica.es\/index.php?rest_route=%2Fwp%2Fv2%2Fcomments&post=1934"}],"version-history":[{"count":1,"href":"https:\/\/www.demusica.es\/index.php?rest_route=\/wp\/v2\/posts\/1934\/revisions"}],"predecessor-version":[{"id":1937,"href":"https:\/\/www.demusica.es\/index.php?rest_route=\/wp\/v2\/posts\/1934\/revisions\/1937"}],"wp:attachment":[{"href":"https:\/\/www.demusica.es\/index.php?rest_route=%2Fwp%2Fv2%2Fmedia&parent=1934"}],"wp:term":[{"taxonomy":"category","embeddable":true,"href":"https:\/\/www.demusica.es\/index.php?rest_route=%2Fwp%2Fv2%2Fcategories&post=1934"},{"taxonomy":"post_tag","embeddable":true,"href":"https:\/\/www.demusica.es\/index.php?rest_route=%2Fwp%2Fv2%2Ftags&post=1934"}],"curies":[{"name":"wp","href":"https:\/\/api.w.org\/{rel}","templated":true}]}}