{"id":227,"date":"2011-10-03T22:40:09","date_gmt":"2011-10-03T20:40:09","guid":{"rendered":"http:\/\/www.demusica.es\/?p=227"},"modified":"2011-10-03T22:40:27","modified_gmt":"2011-10-03T20:40:27","slug":"227","status":"publish","type":"post","link":"https:\/\/www.demusica.es\/?p=227","title":{"rendered":""},"content":{"rendered":"<p style=\"text-align: center;\"><strong><a href=\"http:\/\/www.demusica.es\/wp-content\/uploads\/2011\/10\/libroabierto.jpg\"><img loading=\"lazy\" decoding=\"async\" class=\"alignleft size-full wp-image-228\" title=\"libroabierto\" src=\"http:\/\/www.demusica.es\/wp-content\/uploads\/2011\/10\/libroabierto.jpg\" alt=\"\" width=\"204\" height=\"143\" \/><\/a><\/strong><\/p>\n<p style=\"text-align: center;\"><strong>\u00a0<\/strong><\/p>\n<p style=\"text-align: center;\"><strong>\u00a0<\/strong><\/p>\n<p style=\"text-align: center;\"><strong>\u00a0<\/strong><\/p>\n<p style=\"text-align: center;\"><strong>ESCRITOS Y ART\u00cdCULOS<\/strong><\/p>\n<p>\u00a0<\/p>\n<p><a href=\"http:\/\/www.demusica.es\/media\/p2pfiles\/Los_secretos_del_violin.pdf\">Los Secretos del Viol\u00edn.<\/a> F\u00c9LIX AYO.<br \/>\nUna interesante visi\u00f3n de un interesante violinista.<\/p>\n<p><a href=\"http:\/\/www.demusica.es\/media\/p2pfiles\/Fundamentos_posturales_del_violin.pdf\">Fundamentos Posturales del Viol\u00edn.<\/a> JES\u00daS \u00c1NGEL LE\u00d3N.<br \/>\nUn peque\u00f1o resumen sobre la cololocaci\u00f3n y los movimientos del violinista<\/p>\n<p><a href=\"http:\/\/www.demusica.es\/media\/p2pfiles\/Partes%20del%20Violin.pdf\">Partes del viol\u00edn<\/a><\/p>\n<p><a href=\"http:\/\/www.demusica.es\/media\/p2pfiles\/Un_estuche_para_explosivos.pdf\">Un estuche para explosivos. <\/a><\/p>\n<p><a href=\"http:\/\/www.demusica.es\/media\/p2pfiles\/ARTE%20CREACION.%20Dos%20creadores%20dos%20interpretes.%20N.%20Paganini%20%20%20%20%20%20y%20F.%20Liszt.pdf\">ARTE: CREACION. Dos creadores dos interpretes. Nicolo Paganini y Franz Liszt <\/a><br \/>\n<a href=\"http:\/\/www.demusica.es\/media\/p2pfiles\/Disipando%20el%20misterio%20que%20rodea%20a%20los%20violines%20%20%20%20%20%20Stradivarius.pdf\"><br \/>\nDisipando el misterio que rodea a los violines Stradivarius <\/a><br \/>\n<a href=\"http:\/\/www.demusica.es\/media\/p2pfiles\/El%20esfuerzo%20cardiaco%20de%20un%20musico%20en%20un%20concierto.pdf\"><br \/>\nEl esfuerzo cardiaco de un musico en un concierto <\/a><\/p>\n<p><a href=\"http:\/\/www.demusica.es\/media\/p2pfiles\/Una%20Semblanza%20de%20Jascha%20Heifetz.pdf\">Una Semblanza de Jascha Heifetz <\/a><\/p>\n<p><a href=\"http:\/\/www.demusica.es\/media\/p2pfiles\/Sevcik.pdf\">Sevcik <\/a><\/p>\n<p><a href=\"http:\/\/www.demusica.es\/media\/p2pfiles\/Frases%20celebres%20sobre%20la%20Musica.pdf\">Frases c\u00e9lebres sobre la M\u00fasica<\/a><br \/>\n<a href=\"http:\/\/www.demusica.es\/media\/p2pfiles\/Consideraciones%20generales%20sobre%20el%20aprendizaje%20%20%20%20%20%20instrumental.pdf\"><br \/>\nConsideraciones generales sobre el aprendizaje instrumental <\/a><\/p>\n<p><a href=\"http:\/\/www.demusica.es\/media\/p2pfiles\/De%20luces%20y%20sombras%20en%20la%20musica%20instrumental%20del%20primer%20%20%20%20%20%20Barroco.pdf\">De luces y sombras en la musica instrumental del primer Barroco <\/a><\/p>\n<p><a href=\"http:\/\/www.demusica.es\/media\/p2pfiles\/La%20musica%20mejora%20el%20aprendizaje%20y%20la%20memoria%20en%20la%20%20%20%20%20%20infancia.pdf\">La m\u00fasica mejora el aprendizaje y la memoria en la infancia<\/a><br \/>\n<a href=\"http:\/\/www.demusica.es\/media\/p2pfiles\/LA%20MUSICA%20Y%20LOS%20%20%20%20%20%20NINOS.pdf\"><br \/>\nLa m\u00fasica y lo ni\u00f1os <\/a><\/p>\n","protected":false},"excerpt":{"rendered":"<p>\u00a0 \u00a0 \u00a0 ESCRITOS Y ART\u00cdCULOS \u00a0 Los Secretos del Viol\u00edn. F\u00c9LIX AYO. Una interesante visi\u00f3n de un interesante violinista. Fundamentos Posturales del Viol\u00edn. JES\u00daS \u00c1NGEL LE\u00d3N. Un peque\u00f1o resumen sobre la cololocaci\u00f3n y los movimientos del violinista Partes del viol\u00edn Un estuche para explosivos. ARTE: CREACION. Dos creadores dos interpretes. Nicolo Paganini y Franz&#8230;<\/p>\n","protected":false},"author":2,"featured_media":0,"comment_status":"open","ping_status":"open","sticky":false,"template":"","format":"standard","meta":{"_kad_post_transparent":"","_kad_post_title":"","_kad_post_layout":"","_kad_post_sidebar_id":"","_kad_post_content_style":"","_kad_post_vertical_padding":"","_kad_post_feature":"","_kad_post_feature_position":"","_kad_post_header":false,"_kad_post_footer":false,"_kad_post_classname":"","footnotes":""},"categories":[30,1],"tags":[],"class_list":["post-227","post","type-post","status-publish","format-standard","hentry","category-articulos","category-violin"],"_links":{"self":[{"href":"https:\/\/www.demusica.es\/index.php?rest_route=\/wp\/v2\/posts\/227","targetHints":{"allow":["GET"]}}],"collection":[{"href":"https:\/\/www.demusica.es\/index.php?rest_route=\/wp\/v2\/posts"}],"about":[{"href":"https:\/\/www.demusica.es\/index.php?rest_route=\/wp\/v2\/types\/post"}],"author":[{"embeddable":true,"href":"https:\/\/www.demusica.es\/index.php?rest_route=\/wp\/v2\/users\/2"}],"replies":[{"embeddable":true,"href":"https:\/\/www.demusica.es\/index.php?rest_route=%2Fwp%2Fv2%2Fcomments&post=227"}],"version-history":[{"count":3,"href":"https:\/\/www.demusica.es\/index.php?rest_route=\/wp\/v2\/posts\/227\/revisions"}],"predecessor-version":[{"id":231,"href":"https:\/\/www.demusica.es\/index.php?rest_route=\/wp\/v2\/posts\/227\/revisions\/231"}],"wp:attachment":[{"href":"https:\/\/www.demusica.es\/index.php?rest_route=%2Fwp%2Fv2%2Fmedia&parent=227"}],"wp:term":[{"taxonomy":"category","embeddable":true,"href":"https:\/\/www.demusica.es\/index.php?rest_route=%2Fwp%2Fv2%2Fcategories&post=227"},{"taxonomy":"post_tag","embeddable":true,"href":"https:\/\/www.demusica.es\/index.php?rest_route=%2Fwp%2Fv2%2Ftags&post=227"}],"curies":[{"name":"wp","href":"https:\/\/api.w.org\/{rel}","templated":true}]}}