{"id":236,"date":"2011-10-03T23:02:20","date_gmt":"2011-10-03T21:02:20","guid":{"rendered":"http:\/\/www.demusica.es\/?p=236"},"modified":"2012-02-24T01:02:30","modified_gmt":"2012-02-23T23:02:30","slug":"236","status":"publish","type":"post","link":"https:\/\/www.demusica.es\/?p=236","title":{"rendered":"LITERATURA SOBRE EL VIOL\u00cdN"},"content":{"rendered":"<p><a href=\"http:\/\/www.demusica.es\/wp-content\/uploads\/2011\/10\/libroabierto.jpg\"><img loading=\"lazy\" decoding=\"async\" class=\"alignleft  wp-image-228\" title=\"libroabierto\" src=\"http:\/\/www.demusica.es\/wp-content\/uploads\/2011\/10\/libroabierto.jpg\" alt=\"\" width=\"710\" height=\"56\" \/><\/a><strong>\u00a0<\/strong><\/p>\n<p style=\"text-align: center;\">\n<p style=\"text-align: center;\">\n<p style=\"text-align: center;\"><strong><br \/>\n<\/strong><\/p>\n<table width=\"466\" border=\"1\" align=\"center\">\n<tbody>\n<tr>\n<td width=\"225\" height=\"96\">\n<div style=\"text-align: center;\"><img loading=\"lazy\" decoding=\"async\" src=\"http:\/\/www.demusica.es\/media\/El%20violin%20interior.jpg\" alt=\"\" width=\"99\" height=\"144\" \/><\/div>\n<\/td>\n<td width=\"225\">\n<div style=\"text-align: center;\"><img loading=\"lazy\" decoding=\"async\" id=\"il_fi\" src=\"http:\/\/www.elargonauta.com\/static\/img\/16410.jpg\" alt=\"\" width=\"98\" height=\"119\" \/><\/div>\n<\/td>\n<\/tr>\n<tr>\n<td>\n<div style=\"text-align: center;\"><strong>El viol\u00edn interior<\/strong><br \/>\nDominique Hoppenot<br \/>\n1981 Ed. Van de Velde \/ 2001 Real Musical<br \/>\nI.S.B.N. 84-387-0315-1<\/div>\n<\/td>\n<td>\n<div>\n<p style=\"text-align: center;\"><strong>Historia del Viol\u00edn <\/strong><\/p>\n<p style=\"text-align: center;\">SILVELA ZDENKO<\/p>\n<p style=\"text-align: center;\">Editorial: Entrelineas-Grupo Hispano Editores.<br \/>\nFecha de publicaci\u00f3n: 01\/01\/2003<br \/>\nIdioma: Espa\u00f1ol<br \/>\nISBN: 8498022142<\/p>\n<\/div>\n<\/td>\n<\/tr>\n<\/tbody>\n<\/table>\n<table width=\"466\" border=\"1\" align=\"center\">\n<tbody>\n<tr>\n<td width=\"225\" height=\"96\">\n<div style=\"text-align: center;\"><img loading=\"lazy\" decoding=\"async\" id=\"il_fi\" src=\"http:\/\/www.agapea.com\/Editorial-Edaf-S-A-\/Como-tocar-el-violin--i0n68970.jpg\" alt=\"\" width=\"109\" height=\"133\" \/><\/div>\n<\/td>\n<td width=\"225\">\n<div style=\"text-align: center;\"><img loading=\"lazy\" decoding=\"async\" src=\"http:\/\/www.edetiendas.com\/imagenes\/Interpretacion-y-ensenanza-del-violin-15653.jpg\" alt=\"Interpretaci\u00f3n y ense\u00f1anza del viol\u00edn\" width=\"107\" height=\"124\" \/><\/div>\n<\/td>\n<\/tr>\n<tr>\n<td><\/td>\n<td><\/td>\n<\/tr>\n<\/tbody>\n<\/table>\n<table width=\"466\" border=\"1\" align=\"center\">\n<tbody>\n<tr>\n<td width=\"225\" height=\"96\">\n<div>\n<p style=\"text-align: center;\"><strong>Como tocar el viol\u00edn <\/strong><\/p>\n<p style=\"text-align: center;\">Max Jaffa 1998,<\/p>\n<p style=\"text-align: center;\">Editorial EDAF, S.A. I.S.B.N.: 84-7640-236-8<\/p>\n<\/div>\n<\/td>\n<td width=\"225\">\n<div>\n<p style=\"text-align: center;\">I<strong>NTERPRETACI\u00d3N Y ENSE\u00d1ANZA DEL VIOL\u00cdN<\/strong><\/p>\n<p style=\"text-align: center;\">IVAN GALAMIAN<\/p>\n<p style=\"text-align: center;\">Traductor: Antonio Resines Ediciones Pir\u00e1mide, S.A . I.S.B.N.:\u00a084-368-1190-9<\/p>\n<\/div>\n<\/td>\n<\/tr>\n<tr>\n<td><\/td>\n<td><\/td>\n<\/tr>\n<\/tbody>\n<\/table>\n<table width=\"466\" border=\"1\" align=\"center\">\n<tbody>\n<tr>\n<td width=\"225\" height=\"96\">\n<div style=\"text-align: center;\"><img loading=\"lazy\" decoding=\"async\" src=\"http:\/\/www.demusica.es\/media\/El%20arte%20del%20violin.jpg\" alt=\"\" width=\"104\" height=\"144\" \/><\/div>\n<\/td>\n<td width=\"225\">\n<div style=\"text-align: center;\"><img loading=\"lazy\" decoding=\"async\" src=\"http:\/\/www.demusica.es\/media\/6%20Lecciones%20con%20Menuhim.jpg\" alt=\"\" width=\"90\" height=\"139\" \/><\/div>\n<\/td>\n<\/tr>\n<tr>\n<td>\n<div>\n<p style=\"text-align: center;\"><strong>EL ARTE DEL VIOL\u00cdN <\/strong><\/p>\n<p style=\"text-align: center;\">Javier Claudio Portales<\/p>\n<p style=\"text-align: center;\">Ediciones Musicales MEGA S.L. I.S.B.N.: 84-95296-10-1<\/p>\n<\/div>\n<\/td>\n<td>\n<div>\n<p style=\"text-align: center;\"><strong>VIOL\u00cdN Seis Lecciones con Menuhin <\/strong><\/p>\n<p style=\"text-align: center;\">Versi\u00f3n Espa\u00f1ola de: ALICIA SANTOS<\/p>\n<p style=\"text-align: center;\">YEHUDI MENUHIN 1971 \/ 1987 REAL MUSICAL EDITORES I.S.B.N.: 84-387-0211-2<\/p>\n<\/div>\n<\/td>\n<\/tr>\n<\/tbody>\n<\/table>\n<table width=\"466\" border=\"1\" align=\"center\">\n<tbody>\n<tr>\n<td width=\"225\" height=\"96\">\n<div style=\"text-align: center;\"><img loading=\"lazy\" decoding=\"async\" src=\"http:\/\/www.demusica.es\/media\/Los%20problemas%20del%20sonido.jpg\" alt=\"\" width=\"94\" height=\"138\" \/><\/div>\n<\/td>\n<td width=\"225\">\n<div style=\"text-align: center;\"><img loading=\"lazy\" decoding=\"async\" src=\"http:\/\/www.demusica.es\/media\/El%20violin.jpg\" alt=\"\" width=\"105\" height=\"141\" \/><\/div>\n<\/td>\n<\/tr>\n<tr>\n<td>\n<div>\n<p style=\"text-align: center;\"><strong>LOS PROBLEMAS DEL SONIDO EN EL VIOL\u00cdN <\/strong><\/p>\n<p style=\"text-align: center;\">CARL FLECH<\/p>\n<p style=\"text-align: center;\">Versi\u00f3n en espa\u00f1ol y revisi\u00f3n de: Mar\u00eda Novillo- Fertrell V\u00e1zquez y Wladimiro Mart\u00edn D\u00edaz 1995, REAL MUSICAL I.S.B.N.: 84-387-0540-5<\/p>\n<\/div>\n<\/td>\n<td>\n<div>\n<p style=\"text-align: center;\"><strong>EL VIOL\u00cdN <\/strong><\/p>\n<p style=\"text-align: center;\">Ami Flammer \/ Gilles Tordjman Ediciones LABOR 1991 I.S.B.N.: 84-335-7866-9<\/p>\n<\/div>\n<\/td>\n<\/tr>\n<\/tbody>\n<\/table>\n","protected":false},"excerpt":{"rendered":"<p>\u00a0 El viol\u00edn interior Dominique Hoppenot 1981 Ed. Van de Velde \/ 2001 Real Musical I.S.B.N. 84-387-0315-1 Historia del Viol\u00edn SILVELA ZDENKO Editorial: Entrelineas-Grupo Hispano Editores. Fecha de publicaci\u00f3n: 01\/01\/2003 Idioma: Espa\u00f1ol ISBN: 8498022142 Como tocar el viol\u00edn Max Jaffa 1998, Editorial EDAF, S.A. I.S.B.N.: 84-7640-236-8 INTERPRETACI\u00d3N Y ENSE\u00d1ANZA DEL VIOL\u00cdN IVAN GALAMIAN Traductor: Antonio&#8230;<\/p>\n","protected":false},"author":2,"featured_media":0,"comment_status":"open","ping_status":"open","sticky":false,"template":"","format":"standard","meta":{"_kad_post_transparent":"","_kad_post_title":"","_kad_post_layout":"","_kad_post_sidebar_id":"","_kad_post_content_style":"","_kad_post_vertical_padding":"","_kad_post_feature":"","_kad_post_feature_position":"","_kad_post_header":false,"_kad_post_footer":false,"_kad_post_classname":"","footnotes":""},"categories":[32],"tags":[],"class_list":["post-236","post","type-post","status-publish","format-standard","hentry","category-literatura-violinistica"],"_links":{"self":[{"href":"https:\/\/www.demusica.es\/index.php?rest_route=\/wp\/v2\/posts\/236","targetHints":{"allow":["GET"]}}],"collection":[{"href":"https:\/\/www.demusica.es\/index.php?rest_route=\/wp\/v2\/posts"}],"about":[{"href":"https:\/\/www.demusica.es\/index.php?rest_route=\/wp\/v2\/types\/post"}],"author":[{"embeddable":true,"href":"https:\/\/www.demusica.es\/index.php?rest_route=\/wp\/v2\/users\/2"}],"replies":[{"embeddable":true,"href":"https:\/\/www.demusica.es\/index.php?rest_route=%2Fwp%2Fv2%2Fcomments&post=236"}],"version-history":[{"count":13,"href":"https:\/\/www.demusica.es\/index.php?rest_route=\/wp\/v2\/posts\/236\/revisions"}],"predecessor-version":[{"id":238,"href":"https:\/\/www.demusica.es\/index.php?rest_route=\/wp\/v2\/posts\/236\/revisions\/238"}],"wp:attachment":[{"href":"https:\/\/www.demusica.es\/index.php?rest_route=%2Fwp%2Fv2%2Fmedia&parent=236"}],"wp:term":[{"taxonomy":"category","embeddable":true,"href":"https:\/\/www.demusica.es\/index.php?rest_route=%2Fwp%2Fv2%2Fcategories&post=236"},{"taxonomy":"post_tag","embeddable":true,"href":"https:\/\/www.demusica.es\/index.php?rest_route=%2Fwp%2Fv2%2Ftags&post=236"}],"curies":[{"name":"wp","href":"https:\/\/api.w.org\/{rel}","templated":true}]}}