{"id":252,"date":"2011-10-06T00:03:36","date_gmt":"2011-10-05T22:03:36","guid":{"rendered":"http:\/\/www.demusica.es\/?p=252"},"modified":"2011-10-06T00:03:36","modified_gmt":"2011-10-05T22:03:36","slug":"252","status":"publish","type":"post","link":"https:\/\/www.demusica.es\/?p=252","title":{"rendered":""},"content":{"rendered":"<p style=\"text-align: center;\"><strong>ACORDES DE GUITARRA<\/strong><\/p>\n<p><a href=\"http:\/\/www.demusica.es\/media\/p2pfiles\/El%20Canto%20del%20Loco%20-%20Zapatillas.doc\">El Canto del Loco &#8211; Zapatillas<\/a><\/p>\n<p><a href=\"http:\/\/www.demusica.es\/media\/p2pfiles\/La_Oreja_de_Van_Gogh_En_mi_lado_del_sofa.doc\">La Oreja de Van Gogh &#8211; En mi Lado del Sofa<\/a><\/p>\n<p><a href=\"http:\/\/www.demusica.es\/media\/p2pfiles\/La_Oreja_de_Van_Gogh_Muneca_de_trapo.doc\">La Oreja de Van Gogh &#8211; Mu\u00f1eca de Trapo <\/a><\/p>\n<p><a href=\"http:\/\/www.demusica.es\/media\/p2pfiles\/La%20Oreja%20de%20Van%20Gogh%20-%20Dulce%20Locura.doc\">La Oreja de Van Gogh &#8211; Dulce Locura <\/a><\/p>\n<p><a href=\"http:\/\/www.demusica.es\/media\/p2pfiles\/La_Oreja_de_Van_Gogh_Cuentame_al_oido.doc\">La Oreja de Van Gogh &#8211; Cuentame al o\u00eddo <\/a><\/p>\n<p><a href=\"http:\/\/www.demusica.es\/media\/p2pfiles\/Jarabe%20de%20Palo%20-%20Agua.doc\">Jarabe de Palo &#8211; Agua <\/a><\/p>\n<p><a href=\"http:\/\/www.demusica.es\/media\/p2pfiles\/PONGAMOS%20QUE%20HABLO%20DE%20MADRID.DOC\">Joaqu\u00edn Sabina &#8211; Pongamos que hablo de Madrid<\/a><\/p>\n<p><a href=\"http:\/\/www.demusica.es\/media\/p2pfiles\/A%20MIS%20CUARENTA%20Y%20DIEZ.DOC\">Joaqu\u00edn Sabina &#8211; A mis cuarenta y diez <\/a><\/p>\n<p><a href=\"http:\/\/www.demusica.es\/media\/p2pfiles\/Pignoise%20-%20Nada%20que%20perder.doc\">Pignoise &#8211; Nada que perder<\/a><\/p>\n<p style=\"text-align: center;\"><img loading=\"lazy\" decoding=\"async\" class=\"aligncenter\" src=\"http:\/\/www.demusica.es\/media\/th_6128TCG.jpg\" alt=\"\" width=\"327\" height=\"245\" \/><\/p>\n","protected":false},"excerpt":{"rendered":"<p>ACORDES DE GUITARRA El Canto del Loco &#8211; Zapatillas La Oreja de Van Gogh &#8211; En mi Lado del Sofa La Oreja de Van Gogh &#8211; Mu\u00f1eca de Trapo La Oreja de Van Gogh &#8211; Dulce Locura La Oreja de Van Gogh &#8211; Cuentame al o\u00eddo Jarabe de Palo &#8211; Agua Joaqu\u00edn Sabina &#8211; Pongamos&#8230;<\/p>\n","protected":false},"author":2,"featured_media":0,"comment_status":"open","ping_status":"open","sticky":false,"template":"","format":"standard","meta":{"_kad_post_transparent":"","_kad_post_title":"","_kad_post_layout":"","_kad_post_sidebar_id":"","_kad_post_content_style":"","_kad_post_vertical_padding":"","_kad_post_feature":"","_kad_post_feature_position":"","_kad_post_header":false,"_kad_post_footer":false,"_kad_post_classname":"","footnotes":""},"categories":[35],"tags":[41],"class_list":["post-252","post","type-post","status-publish","format-standard","hentry","category-acordes","tag-acordes-2"],"_links":{"self":[{"href":"https:\/\/www.demusica.es\/index.php?rest_route=\/wp\/v2\/posts\/252","targetHints":{"allow":["GET"]}}],"collection":[{"href":"https:\/\/www.demusica.es\/index.php?rest_route=\/wp\/v2\/posts"}],"about":[{"href":"https:\/\/www.demusica.es\/index.php?rest_route=\/wp\/v2\/types\/post"}],"author":[{"embeddable":true,"href":"https:\/\/www.demusica.es\/index.php?rest_route=\/wp\/v2\/users\/2"}],"replies":[{"embeddable":true,"href":"https:\/\/www.demusica.es\/index.php?rest_route=%2Fwp%2Fv2%2Fcomments&post=252"}],"version-history":[{"count":1,"href":"https:\/\/www.demusica.es\/index.php?rest_route=\/wp\/v2\/posts\/252\/revisions"}],"predecessor-version":[{"id":253,"href":"https:\/\/www.demusica.es\/index.php?rest_route=\/wp\/v2\/posts\/252\/revisions\/253"}],"wp:attachment":[{"href":"https:\/\/www.demusica.es\/index.php?rest_route=%2Fwp%2Fv2%2Fmedia&parent=252"}],"wp:term":[{"taxonomy":"category","embeddable":true,"href":"https:\/\/www.demusica.es\/index.php?rest_route=%2Fwp%2Fv2%2Fcategories&post=252"},{"taxonomy":"post_tag","embeddable":true,"href":"https:\/\/www.demusica.es\/index.php?rest_route=%2Fwp%2Fv2%2Ftags&post=252"}],"curies":[{"name":"wp","href":"https:\/\/api.w.org\/{rel}","templated":true}]}}