{"id":265,"date":"2011-10-06T09:40:37","date_gmt":"2011-10-06T07:40:37","guid":{"rendered":"http:\/\/www.demusica.es\/?p=265"},"modified":"2013-01-17T22:42:44","modified_gmt":"2013-01-17T20:42:44","slug":"conociendo-a-mutter","status":"publish","type":"post","link":"https:\/\/www.demusica.es\/?p=265","title":{"rendered":"Conociendo a Mutter"},"content":{"rendered":"<p><a href=\"http:\/\/www.demusica.es\/wp-content\/uploads\/2011\/10\/as-mutter2.jpg\"><img loading=\"lazy\" decoding=\"async\" class=\"alignleft size-full wp-image-266\" title=\"as-mutter2\" src=\"http:\/\/www.demusica.es\/wp-content\/uploads\/2011\/10\/as-mutter2.jpg\" alt=\"\" width=\"350\" height=\"274\" srcset=\"https:\/\/www.demusica.es\/wp-content\/uploads\/2011\/10\/as-mutter2.jpg 350w, https:\/\/www.demusica.es\/wp-content\/uploads\/2011\/10\/as-mutter2-300x234.jpg 300w\" sizes=\"auto, (max-width: 350px) 100vw, 350px\" \/><\/a><\/p>\n<p>\u00a0\u00a0\u00a0\u00a0\u00a0\u00a0\u00a0\u00a0\u00a0\u00a0\u00a0\u00a0\u00a0\u00a0\u00a0\u00a0\u00a0\u00a0\u00a0\u00a0\u00a0\u00a0\u00a0\u00a0\u00a0\u00a0\u00a0\u00a0\u00a0\u00a0\u00a0\u00a0\u00a0\u00a0\u00a0\u00a0\u00a0\u00a0\u00a0\u00a0\u00a0\u00a0\u00a0\u00a0\u00a0\u00a0\u00a0\u00a0\u00a0\u00a0\u00a0\u00a0\u00a0\u00a0 Anne-Sophie Mutter<\/p>\n<p>Empez\u00f3 tocando el piano a la edad de cinco a\u00f1os. Poco tiempo despu\u00e9s, empez\u00f3 a tocar el viol\u00edn, estudiando con los maestros Erna Honigberger y Aida St\u00fccki.<\/p>\n<p>Despu\u00e9s de ganar diversos premios, se dedic\u00f3 exclusivamente a la m\u00fasica, al obtener una exenci\u00f3n de asistencia a la escuela. A los trece a\u00f1os de edad el director Herbert von Karajan la invit\u00f3 a tocar con la Orquesta Filarm\u00f3nica de Berl\u00edn. M\u00e1s adelante, en 1977, hizo su debut en el Festival de Salzburgo con la English Chamber Orchestra bajo la direcci\u00f3n de Daniel Barenboim.<\/p>\n<p>A la edad de quince a\u00f1os, Anne-Sophie Mutter realiz\u00f3 su primera grabaci\u00f3n de los conciertos para viol\u00edn K.216 y K.219 de Wolfgang Amadeus Mozart nuevamente con Karajan y la Orquesta Filarm\u00f3nica de Berl\u00edn. Ese mismo a\u00f1o se le concedi\u00f3 la distinci\u00f3n de <strong>Artista del A\u00f1o<\/strong>.<\/p>\n<p><strong>VIDEOS:<\/strong><\/p>\n<p>1.- <a href=\"http:\/\/www.youtube.com\/watch?v=iMw9AY5-K9E&amp;feature=related\">Anne-Sophie Mutter Documentary \u00abA Portrait\u00bb (1\/5) <\/a><\/p>\n<p>2.- <a href=\"http:\/\/www.youtube.com\/watch?v=X0sEQX2OJDQ&amp;feature=related\">Anne-Sophie Mutter Documentary \u00abA Portrait\u00bb (2\/5) <\/a><\/p>\n<p>3.- <a href=\"http:\/\/www.youtube.com\/watch?v=5ge-IeCDN04&amp;feature=related\">Anne-Sophie Mutter Documentary \u00abA Portrait\u00bb (3\/5) <\/a><\/p>\n<p>4.- <a href=\"http:\/\/www.youtube.com\/watch?v=IHvzRgxaNSY&amp;feature=related\">Anne-Sophie Mutter Documentary \u00abA Portrait\u00bb (4\/5)<\/a><\/p>\n<p>5.- <a href=\"http:\/\/www.youtube.com\/watch?v=XBt6p312HQA&amp;feature=related\">Anne-Sophie Mutter Documentary \u00abA Portrait\u00bb (5\/5)<\/a><\/p>\n<p>En 1980, hizo su debut en Estados Unidos con la Orquesta Filarm\u00f3nica de Nueva York dirigida por Zubin Mehta. En 1985, con 22 a\u00f1os de edad, fue nombrada miembro honorario de la Royal Academy of Music (Londres) y directora del programa de Estudios Internacionales de viol\u00edn en la misma academia. En 1988, realiz\u00f3 una amplia gira por Canad\u00e1 y Estados Unidos, tocando por primera vez en el Carnegie Hall de Nueva York. En 1998 toc\u00f3 y grab\u00f3 en CD y DVD la integral de las sonatas para viol\u00edn de Ludwig van Beethoven, acompa\u00f1ada al piano por Lambert Orkis; las cuales fueron retransmitidas por televisi\u00f3n en distintos pa\u00edses.Aunque su repertorio incluye muchas obras del per\u00edodo cl\u00e1sico y rom\u00e1ntico, Anne-Sophie Mutter es especialmente reconocida por sus ejecuciones de m\u00fasica de compositores contempor\u00e1neos. Adem\u00e1s, varias obras han sido especialmente escritas o dedicadas a ella, incluyendo piezas de Witold Lutoslawski, Krzysztof Penderecki, Wolfgang Rihm y Sofia Gubaidulina.Adicionalmente, Mutter ha recibido numerosos premios, incluyendo varios premios Grammy y tambi\u00e9n suele tocar dos violines construidos por Antonio Stradivari: un Emiliani de 1703 que le pertenece, y un Lord D\u00fcnn-Raven de 1710 que le ha sido prestado.En 1989, Anne-Sophie Mutter se cas\u00f3 con el abogado Detlef Wunderlich, con quien tuvo dos hijos: Arabella y Richard. Wunderlich muri\u00f3 en 1995. En el a\u00f1o 2002, Mutter contrajo matrimonio por segunda ocasi\u00f3n con el pianista, compositor y director Andr\u00e9 Previn. La pareja se separ\u00f3 legalmente en el a\u00f1o 2006.Es considerada una de las m\u00e1s prestigiosas violinistas de la actualidad.?Anne-Sophie Mutter recibi\u00f3 en 2008 el Ernst von Siemens Music Prize, que se acompa\u00f1a con una donaci\u00f3n en efectivo de 200.000 euros. La violinista don\u00f3 la mitad del dinero del premio a la Anne-Sophie Mutter Foundation, que se establece durante el curso del mismo a\u00f1o. El objetivo de la fundaci\u00f3n es promover a escala mundial apoyo para m\u00fasicos j\u00f3venes promesas, una labor que la violinista ya ten\u00eda en cuenta desde el a\u00f1o 1997 cuando fund\u00f3 The Anne-Sophie Mutter Circle of Friends Foundation.Ha sido condecorada con la Cruz al m\u00e9rito de Alemania, la Legi\u00f3n de Honor francesa, el Premio Pr\u00edncipe de Asturias y otras distinciones.<\/p>\n","protected":false},"excerpt":{"rendered":"<p>\u00a0\u00a0\u00a0\u00a0\u00a0\u00a0\u00a0\u00a0\u00a0\u00a0\u00a0\u00a0\u00a0\u00a0\u00a0\u00a0\u00a0\u00a0\u00a0\u00a0\u00a0\u00a0\u00a0\u00a0\u00a0\u00a0\u00a0\u00a0\u00a0\u00a0\u00a0\u00a0\u00a0\u00a0\u00a0\u00a0\u00a0\u00a0\u00a0\u00a0\u00a0\u00a0\u00a0\u00a0\u00a0\u00a0\u00a0\u00a0\u00a0\u00a0\u00a0\u00a0\u00a0\u00a0 Anne-Sophie Mutter Empez\u00f3 tocando el piano a la edad de cinco a\u00f1os. Poco tiempo despu\u00e9s, empez\u00f3 a tocar el viol\u00edn, estudiando con los maestros Erna Honigberger y Aida St\u00fccki. Despu\u00e9s de ganar diversos premios, se dedic\u00f3 exclusivamente a la m\u00fasica, al obtener una exenci\u00f3n de asistencia a la escuela. A los trece a\u00f1os de&#8230;<\/p>\n","protected":false},"author":2,"featured_media":0,"comment_status":"open","ping_status":"open","sticky":false,"template":"","format":"standard","meta":{"_kad_post_transparent":"","_kad_post_title":"","_kad_post_layout":"","_kad_post_sidebar_id":"","_kad_post_content_style":"","_kad_post_vertical_padding":"","_kad_post_feature":"","_kad_post_feature_position":"","_kad_post_header":false,"_kad_post_footer":false,"_kad_post_classname":"","footnotes":""},"categories":[33],"tags":[],"class_list":["post-265","post","type-post","status-publish","format-standard","hentry","category-videos-violin"],"_links":{"self":[{"href":"https:\/\/www.demusica.es\/index.php?rest_route=\/wp\/v2\/posts\/265","targetHints":{"allow":["GET"]}}],"collection":[{"href":"https:\/\/www.demusica.es\/index.php?rest_route=\/wp\/v2\/posts"}],"about":[{"href":"https:\/\/www.demusica.es\/index.php?rest_route=\/wp\/v2\/types\/post"}],"author":[{"embeddable":true,"href":"https:\/\/www.demusica.es\/index.php?rest_route=\/wp\/v2\/users\/2"}],"replies":[{"embeddable":true,"href":"https:\/\/www.demusica.es\/index.php?rest_route=%2Fwp%2Fv2%2Fcomments&post=265"}],"version-history":[{"count":4,"href":"https:\/\/www.demusica.es\/index.php?rest_route=\/wp\/v2\/posts\/265\/revisions"}],"predecessor-version":[{"id":1585,"href":"https:\/\/www.demusica.es\/index.php?rest_route=\/wp\/v2\/posts\/265\/revisions\/1585"}],"wp:attachment":[{"href":"https:\/\/www.demusica.es\/index.php?rest_route=%2Fwp%2Fv2%2Fmedia&parent=265"}],"wp:term":[{"taxonomy":"category","embeddable":true,"href":"https:\/\/www.demusica.es\/index.php?rest_route=%2Fwp%2Fv2%2Fcategories&post=265"},{"taxonomy":"post_tag","embeddable":true,"href":"https:\/\/www.demusica.es\/index.php?rest_route=%2Fwp%2Fv2%2Ftags&post=265"}],"curies":[{"name":"wp","href":"https:\/\/api.w.org\/{rel}","templated":true}]}}