{"id":277,"date":"2011-10-06T23:01:44","date_gmt":"2011-10-06T21:01:44","guid":{"rendered":"http:\/\/www.demusica.es\/?p=277"},"modified":"2011-10-06T23:01:44","modified_gmt":"2011-10-06T21:01:44","slug":"277","status":"publish","type":"post","link":"https:\/\/www.demusica.es\/?p=277","title":{"rendered":""},"content":{"rendered":"<p style=\"text-align: center;\"><strong>GRABACIONES REALIZADAS EN LOS CURSOS DE M\u00daSICA<\/strong><\/p>\n<p><strong>III Semana de M\u00fasica de Benavides <\/strong><\/p>\n<p>Tenemos los mp3 de las grabaciones del curso de m\u00fasica de Benavides en el 2005. Consta de tres vol\u00famenes donde se encuentra todo lo grabado. Todas las grabaciones han sido realizadas por alumnos, tanto en la ejecucci\u00f3n del instrumento como en la manipulaci\u00f3n de la mesa de grabaci\u00f3n, micr\u00f3fonos, efectos, etc&#8230; Si te interesa tenerlos h\u00e1znoslo saber, te lo enviaremos gratuitamente.<\/p>\n<p><a href=\"mailto:%20info@demusica.es\">Vol.#1 III Semana de M\u00fasica de Benavides <\/a><\/p>\n<p><a href=\"mailto:%20info@demusica.es\">Vol.#2 III Semana de M\u00fasica de Benavides <\/a><\/p>\n<p><a href=\"mailto:%20info@demusica.es\">Vol.#3 III Semana de M\u00fasica de Benavides <\/a><\/p>\n<p><strong>IV Semana de M\u00fasica de Benavides <\/strong><\/p>\n<p>Tenemos los mp3 de las grabaciones del curso de m\u00fasica de Benavides en el 2006. Consta de dos vol\u00famenes donde se encuentra todo lo grabado. Todas las grabaciones han sido realizadas por alumnos, tanto en la ejecucci\u00f3n del instrumento como en la manipulaci\u00f3n de la mesa de grabaci\u00f3n, micr\u00f3fonos, efectos, etc&#8230; Si te interesa tenerlos h\u00e1znoslo saber, te lo enviaremos gratuitamente<\/p>\n<p><a href=\"mailto:info@demusica.es\">Vol.#1 IV Semana de M\u00fasica de Benavides <\/a><\/p>\n<p><a href=\"mailto:info@demusica.es\">Vol.#2 IV Semana de M\u00fasica de Benavides <\/a><\/p>\n<p><strong>V Semana de M\u00fasica de Benavides <\/strong><\/p>\n<p>Estos son los archivos comprimidos que contienen los mp3 de las grabaciones del Concierto Final del Domingo 10 de Agosto de 2007 de la V Semana Musical de Benavides 2007. Consta de un \u00fanico vol\u00famen. Todas las grabaciones han sido realizadas por alumnos, tanto en la ejecucci\u00f3n del instrumento como en la manipulaci\u00f3n de la mesa de grabaci\u00f3n, micr\u00f3fonos, efectos, etc&#8230; Esta comprimido en un archivo zip. Necesitar\u00e1s un descompresor para oir los mp3.<\/p>\n<p><a href=\"http:\/\/www.demusica.es\/media\/p2pfiles\/Benavides2007_Concierto_Domingo.zip\">V Semana de M\u00fasica de Benavides <\/a>(Formato .zip)<\/p>\n<p><a href=\"http:\/\/www.demusica.es\/media\/p2pfiles\/Diana%20-%20The%20Police%20-%20Every%20breath%20you%20take.mp3\">Diana &#8211; The Police &#8211; Every breath you take<\/a> (En mp3)<\/p>\n<p><a href=\"http:\/\/www.demusica.es\/media\/p2pfiles\/Diana%20-%20Foo%20Fighters%20-%20Best%20of%20you.mp3\">Diana &#8211; Foo Fighters &#8211; Best of you<\/a> (En mp3)<\/p>\n","protected":false},"excerpt":{"rendered":"<p>GRABACIONES REALIZADAS EN LOS CURSOS DE M\u00daSICA III Semana de M\u00fasica de Benavides Tenemos los mp3 de las grabaciones del curso de m\u00fasica de Benavides en el 2005. Consta de tres vol\u00famenes donde se encuentra todo lo grabado. Todas las grabaciones han sido realizadas por alumnos, tanto en la ejecucci\u00f3n del instrumento como en la&#8230;<\/p>\n","protected":false},"author":2,"featured_media":0,"comment_status":"open","ping_status":"open","sticky":false,"template":"","format":"standard","meta":{"_kad_post_transparent":"","_kad_post_title":"","_kad_post_layout":"","_kad_post_sidebar_id":"","_kad_post_content_style":"","_kad_post_vertical_padding":"","_kad_post_feature":"","_kad_post_feature_position":"","_kad_post_header":false,"_kad_post_footer":false,"_kad_post_classname":"","footnotes":""},"categories":[43],"tags":[],"class_list":["post-277","post","type-post","status-publish","format-standard","hentry","category-grabacion-grabacion-2"],"_links":{"self":[{"href":"https:\/\/www.demusica.es\/index.php?rest_route=\/wp\/v2\/posts\/277","targetHints":{"allow":["GET"]}}],"collection":[{"href":"https:\/\/www.demusica.es\/index.php?rest_route=\/wp\/v2\/posts"}],"about":[{"href":"https:\/\/www.demusica.es\/index.php?rest_route=\/wp\/v2\/types\/post"}],"author":[{"embeddable":true,"href":"https:\/\/www.demusica.es\/index.php?rest_route=\/wp\/v2\/users\/2"}],"replies":[{"embeddable":true,"href":"https:\/\/www.demusica.es\/index.php?rest_route=%2Fwp%2Fv2%2Fcomments&post=277"}],"version-history":[{"count":1,"href":"https:\/\/www.demusica.es\/index.php?rest_route=\/wp\/v2\/posts\/277\/revisions"}],"predecessor-version":[{"id":278,"href":"https:\/\/www.demusica.es\/index.php?rest_route=\/wp\/v2\/posts\/277\/revisions\/278"}],"wp:attachment":[{"href":"https:\/\/www.demusica.es\/index.php?rest_route=%2Fwp%2Fv2%2Fmedia&parent=277"}],"wp:term":[{"taxonomy":"category","embeddable":true,"href":"https:\/\/www.demusica.es\/index.php?rest_route=%2Fwp%2Fv2%2Fcategories&post=277"},{"taxonomy":"post_tag","embeddable":true,"href":"https:\/\/www.demusica.es\/index.php?rest_route=%2Fwp%2Fv2%2Ftags&post=277"}],"curies":[{"name":"wp","href":"https:\/\/api.w.org\/{rel}","templated":true}]}}