{"id":281,"date":"2011-10-07T00:06:34","date_gmt":"2011-10-06T22:06:34","guid":{"rendered":"http:\/\/www.demusica.es\/?p=281"},"modified":"2011-10-07T00:06:34","modified_gmt":"2011-10-06T22:06:34","slug":"281","status":"publish","type":"post","link":"https:\/\/www.demusica.es\/?p=281","title":{"rendered":""},"content":{"rendered":"<p>El Clarinete es un instrumento muy particular y m\u00e1s dif\u00edcil de tocar de lo que en general se piensa. \u00bfCu\u00e1ntos ni\u00f1os de siete, ocho o diez a\u00f1os, se ha visto tocar el Clarinete en concursos de j\u00f3venes int\u00e9rpretes o en concursos televisivos? Me refiero a virtuosos del Clarinete de siete, ocho o diez a\u00f1os&#8230; \u00a1ninguno! Sin embargo s\u00ed se ven peque\u00f1as figuras del viol\u00edn, el piano&#8230;<\/p>\n<p>La persona que desee estudiar el Clarinete necesita tener capacidad lectiva, sentido r\u00edtmico, expresi\u00f3n, sentido musical, entonaci\u00f3n y car\u00e1cter, en resumen: <strong>condiciones <\/strong>. Es lo primero que debemos observar en nuestro alumno: la presencia o no de esas.<\/p>\n<p>Para ello, y antes de nada, necesitaremos un instrumento en condiciones, un Compensador, ca\u00f1as, y un m\u00e9todo.<\/p>\n<p>Primero, debemos hacer ver al alumno lo que tiene entre manos. Le ense\u00f1aremos las partes del Clarinete: boquilla (con la correspondiente abrazadera y leng\u00fceta), barrilete, cuerpo superior, cuerpo inferior y campana. Le ense\u00f1aremos a montarlo y desmontarlo cuidadosamente, a mantenerlo limpio y en condiciones, a sujetarlo correctamente, a no dejarlo en cualquier lugar y posici\u00f3n, en definitiva, a tratarlo con cuidado.<\/p>\n","protected":false},"excerpt":{"rendered":"<p>El Clarinete es un instrumento muy particular y m\u00e1s dif\u00edcil de tocar de lo que en general se piensa. \u00bfCu\u00e1ntos ni\u00f1os de siete, ocho o diez a\u00f1os, se ha visto tocar el Clarinete en concursos de j\u00f3venes int\u00e9rpretes o en concursos televisivos? Me refiero a virtuosos del Clarinete de siete, ocho o diez a\u00f1os&#8230; \u00a1ninguno!&#8230;<\/p>\n","protected":false},"author":2,"featured_media":0,"comment_status":"open","ping_status":"open","sticky":false,"template":"","format":"standard","meta":{"_kad_post_transparent":"","_kad_post_title":"","_kad_post_layout":"","_kad_post_sidebar_id":"","_kad_post_content_style":"","_kad_post_vertical_padding":"","_kad_post_feature":"","_kad_post_feature_position":"","_kad_post_header":false,"_kad_post_footer":false,"_kad_post_classname":"","footnotes":""},"categories":[44],"tags":[],"class_list":["post-281","post","type-post","status-publish","format-standard","hentry","category-clarinete"],"_links":{"self":[{"href":"https:\/\/www.demusica.es\/index.php?rest_route=\/wp\/v2\/posts\/281","targetHints":{"allow":["GET"]}}],"collection":[{"href":"https:\/\/www.demusica.es\/index.php?rest_route=\/wp\/v2\/posts"}],"about":[{"href":"https:\/\/www.demusica.es\/index.php?rest_route=\/wp\/v2\/types\/post"}],"author":[{"embeddable":true,"href":"https:\/\/www.demusica.es\/index.php?rest_route=\/wp\/v2\/users\/2"}],"replies":[{"embeddable":true,"href":"https:\/\/www.demusica.es\/index.php?rest_route=%2Fwp%2Fv2%2Fcomments&post=281"}],"version-history":[{"count":1,"href":"https:\/\/www.demusica.es\/index.php?rest_route=\/wp\/v2\/posts\/281\/revisions"}],"predecessor-version":[{"id":285,"href":"https:\/\/www.demusica.es\/index.php?rest_route=\/wp\/v2\/posts\/281\/revisions\/285"}],"wp:attachment":[{"href":"https:\/\/www.demusica.es\/index.php?rest_route=%2Fwp%2Fv2%2Fmedia&parent=281"}],"wp:term":[{"taxonomy":"category","embeddable":true,"href":"https:\/\/www.demusica.es\/index.php?rest_route=%2Fwp%2Fv2%2Fcategories&post=281"},{"taxonomy":"post_tag","embeddable":true,"href":"https:\/\/www.demusica.es\/index.php?rest_route=%2Fwp%2Fv2%2Ftags&post=281"}],"curies":[{"name":"wp","href":"https:\/\/api.w.org\/{rel}","templated":true}]}}