{"id":288,"date":"2011-10-07T00:12:32","date_gmt":"2011-10-06T22:12:32","guid":{"rendered":"http:\/\/www.demusica.es\/?p=288"},"modified":"2011-10-07T00:12:32","modified_gmt":"2011-10-06T22:12:32","slug":"288","status":"publish","type":"post","link":"https:\/\/www.demusica.es\/?p=288","title":{"rendered":""},"content":{"rendered":"<p>El clarinete se invent\u00f3 hacia 1700 por el constructor alem\u00e1n de flautas Johann Christoph Denner de Nuremberg, como modificaci\u00f3n del <em>chalumeau, <\/em>instrumento folcl\u00f3rico de leng\u00fceta. En torno a 1840 se hab\u00edan desarrollado dos complejos sistemas de llaves: el sistema B\u00f6hm, utilizado en la mayor\u00eda de pa\u00edses, y patentado en 1844 por el franc\u00e9s Auguste Buffet, que adapt\u00f3 los adelantos para la flauta del alem\u00e1n Theobald B\u00f6hm; y el sistema del constructor belga Eug\u00e8ne Albert, desarrollado hacia 1860, de orificios m\u00e1s estrechos y sonido m\u00e1s oscuro.<\/p>\n<p>Los clarinetes forman parte de la orquesta desde 1780.<\/p>\n<p>En la actualidad hay dos grandes escuelas, la Escuela Francesa (sistema B\u00f6ehm) y la Escuela Alemana. La m\u00e1s utilizada por los clarinetetistas es la Escuela Francesa<\/p>\n<p style=\"text-align: center;\"><strong>Partes Del Clarinete <\/strong><\/p>\n<p>La <strong>boquilla <\/strong>es la parte del clarinete que se introduce parcialmente y que est\u00e1 provista de una leng\u00fceta o ca\u00f1a y de la abrazadera. En contra de lo que se cree, las boquillas no est\u00e1n construidas en madera, sino en vulcanita llamada tambi\u00e9n ebonita. Esto se debe a que el material es m\u00e1s liviano y menos poderoso. Existen tambi\u00e9n boquillas de cristal, e incluso antiguamente se fabricaban en madera y metal.<\/p>\n<p>La <strong>ca\u00f1a <\/strong>es, como su nombre indica, un trozo de ca\u00f1a a modo de leng\u00fceta, que adosada al asiento de la boquilla, y puesta en vibraci\u00f3n por el aire que se introduce por \u00e9sta, pone a su vez en movimiento a la columna de aire que est\u00e1 contenida dentro del tubo, produci\u00e9ndose as\u00ed el sonido. La ca\u00f1a est\u00e1 fabricada a partir de una pieza de bamb\u00fa llamada \u201carundo donax\u201d o sativa.<\/p>\n<p>La <strong>abrazadera <\/strong>es un dispositivo que se coloca en la boquilla y que sirve para sujetar la ca\u00f1a y, por consiguiente, para evitar que se escape el aire por el asiento. Existen varios tipos de abrazaderas: de metal, de pl\u00e1stico, de cuero, de hilo enroscado (sobretodo en el sistema alem\u00e1n).<\/p>\n<p>El <strong>barrilete <\/strong>es una pieza cil\u00edndrica, ligeramente abultada en el exterior. Esta parte del instrumento es muy importante, se puede decir que se trata de una prolongaci\u00f3n de la boquilla, o una prolongaci\u00f3n del cuerpo superior. De hecho han existido boquillas m\u00e1s largas al igual que cuerpos superiores.<\/p>\n<p><strong>Cuerpo superior e inferior <\/strong>, lo que denominamos cuerpo del clarinete est\u00e1 dividido en dos partes por motivos de funcionalidad a la hora de guardarlo en un estuche. Estas dos partes se insertan la una en la otra. El resto del mecanismo se une por medio de una esp\u00e1tula met\u00e1lica, que pone en conexi\u00f3n los anillos de una y otra parte.<\/p>\n<p>Comenzando por el cuerpo superior, el destinado a la mano izquierda, el interior del tubo tiene forma cil\u00edndrica y c\u00f3nica a la vez; consta de 15 agujeros, 9 llaves y 3 anillos. El agujero de la cara inferior est\u00e1 situado justo al lado de la mal denominada llave de octava, pues realmente es duod\u00e9cima.<\/p>\n<p>El cuerpo inferior es accionado por la mano derecha, siendo el dedo pulgar el que sujeta el peso del instrumento por medio de un soporte situado en la parte posterior. Al igual que el cuerpo superior, el interior del tubo tiene forma cil\u00edndrica y c\u00f3nica a la vez. Consta de 9 agujeros, 8 llaves y 3 anillos situados en un mismo conjunto que culmina en la esp\u00e1tula a la que antes alud\u00edamos como conexi\u00f3n de la mec\u00e1nica con el otro cuerpo.<\/p>\n<p>La <strong>campana <\/strong>o <strong>pabell\u00f3n <\/strong>es la parte final del clarinete. Su misi\u00f3n es suavizar el sonido y aportar resonancia y oquedad a \u00e9ste. Tambi\u00e9n tiene una misi\u00f3n a la hora de afinar las notas cercanas a ella, de forma que su se extrae parcialmente del cuerpo inferior, baja la afinaci\u00f3n de \u00e9stas, sobre todo las del Si y el Do natural.<\/p>\n<p>Si se introduce en el tubo, con respecto a la posici\u00f3n anterior, sube la afinaci\u00f3n de \u00e9stas. Otra de sus misiones, y quiz\u00e1 la m\u00e1s importante es la de \u201cproyectar\u201d el sonido, o mejor dicho, la onda resultante de la excitaci\u00f3n de la columna de aire contenida en el interior del clarinete.<\/p>\n<p>El clarinete actual tiene una extensi\u00f3n de casi cuatro octavas, es decir, abarca desde el Mi 2 hasta el Do 6. Tiene tres registros que son: el registro grave, el registro medio y el agudo.<\/p>\n<p style=\"text-align: center;\"><img loading=\"lazy\" decoding=\"async\" class=\"aligncenter\" src=\"http:\/\/www.demusica.es\/media\/partes_clarinete.png\" alt=\"\" width=\"450\" height=\"219\" \/><\/p>\n<p>\u00a0<\/p>\n<p><strong>Posicion Del Clarinetista <\/strong><\/p>\n<p>Es conveniente que el alumno se sienta c\u00f3modo, con sus gustos propios en cuanto a instalaci\u00f3n, con el fin de conseguir el m\u00e1ximo tiempo y rendimiento. Adem\u00e1s del atril levantado, es aconsejable un buen espejo para vigilar la rectitud del Clarinete en el cuerpo y los movimientos bruscos, principalmente cuando respire.<\/p>\n<p>El pecho, hombros, brazos y cabeza no deben moverse en absoluto ni cuando se respire, no debiendo aparecer ning\u00fan gesto forzoso, estando todo muy relajado.<\/p>\n<p style=\"text-align: center;\"><img loading=\"lazy\" decoding=\"async\" class=\"aligncenter\" src=\"http:\/\/www.demusica.es\/media\/posicion_clarinete.jpg\" alt=\"\" width=\"450\" height=\"290\" \/><\/p>\n<p><strong>\u00a0<\/strong><\/p>\n<p><strong>La Familia <\/strong><strong>del Clarinete <\/strong><\/p>\n<p>En lo que se refiere a su familia es muy amplia y est\u00e1 compuesta por:<\/p>\n<p>&#8211; Clarinete en Mi b o requinto.(1)<br \/>\n&#8211; Clarinete en Si b.(3)<br \/>\n&#8211; Clarinete en La.(4)<br \/>\n&#8211; Clarinete alto.(5)<br \/>\n&#8211; Clarinete contralto.(6)<br \/>\n&#8211; Clarinete bajo.(7)<br \/>\n&#8211; Clarinete contrabajo.(8)<\/p>\n<p>El m\u00e1s utilizado es clarinete en Si b. El m\u00e1s peque\u00f1o es el clarinete en Mi b (requinto) que mide unos 45 cm y el m\u00e1s grande es el clarinete contrabajo que mide unos 3 metros .<\/p>\n<p style=\"text-align: center;\"><img loading=\"lazy\" decoding=\"async\" class=\"aligncenter\" src=\"http:\/\/www.demusica.es\/media\/famillia_clarinete.jpg\" alt=\"\" width=\"450\" height=\"297\" \/><\/p>\n","protected":false},"excerpt":{"rendered":"<p>El clarinete se invent\u00f3 hacia 1700 por el constructor alem\u00e1n de flautas Johann Christoph Denner de Nuremberg, como modificaci\u00f3n del chalumeau, instrumento folcl\u00f3rico de leng\u00fceta. En torno a 1840 se hab\u00edan desarrollado dos complejos sistemas de llaves: el sistema B\u00f6hm, utilizado en la mayor\u00eda de pa\u00edses, y patentado en 1844 por el franc\u00e9s Auguste Buffet,&#8230;<\/p>\n","protected":false},"author":2,"featured_media":0,"comment_status":"open","ping_status":"open","sticky":false,"template":"","format":"standard","meta":{"_kad_post_transparent":"","_kad_post_title":"","_kad_post_layout":"","_kad_post_sidebar_id":"","_kad_post_content_style":"","_kad_post_vertical_padding":"","_kad_post_feature":"","_kad_post_feature_position":"","_kad_post_header":false,"_kad_post_footer":false,"_kad_post_classname":"","footnotes":""},"categories":[47],"tags":[],"class_list":["post-288","post","type-post","status-publish","format-standard","hentry","category-historia-del-clarinete"],"_links":{"self":[{"href":"https:\/\/www.demusica.es\/index.php?rest_route=\/wp\/v2\/posts\/288","targetHints":{"allow":["GET"]}}],"collection":[{"href":"https:\/\/www.demusica.es\/index.php?rest_route=\/wp\/v2\/posts"}],"about":[{"href":"https:\/\/www.demusica.es\/index.php?rest_route=\/wp\/v2\/types\/post"}],"author":[{"embeddable":true,"href":"https:\/\/www.demusica.es\/index.php?rest_route=\/wp\/v2\/users\/2"}],"replies":[{"embeddable":true,"href":"https:\/\/www.demusica.es\/index.php?rest_route=%2Fwp%2Fv2%2Fcomments&post=288"}],"version-history":[{"count":1,"href":"https:\/\/www.demusica.es\/index.php?rest_route=\/wp\/v2\/posts\/288\/revisions"}],"predecessor-version":[{"id":289,"href":"https:\/\/www.demusica.es\/index.php?rest_route=\/wp\/v2\/posts\/288\/revisions\/289"}],"wp:attachment":[{"href":"https:\/\/www.demusica.es\/index.php?rest_route=%2Fwp%2Fv2%2Fmedia&parent=288"}],"wp:term":[{"taxonomy":"category","embeddable":true,"href":"https:\/\/www.demusica.es\/index.php?rest_route=%2Fwp%2Fv2%2Fcategories&post=288"},{"taxonomy":"post_tag","embeddable":true,"href":"https:\/\/www.demusica.es\/index.php?rest_route=%2Fwp%2Fv2%2Ftags&post=288"}],"curies":[{"name":"wp","href":"https:\/\/api.w.org\/{rel}","templated":true}]}}