{"id":380,"date":"2011-10-17T21:33:58","date_gmt":"2011-10-17T19:33:58","guid":{"rendered":"http:\/\/www.demusica.es\/?p=380"},"modified":"2011-10-17T21:33:58","modified_gmt":"2011-10-17T19:33:58","slug":"i-semana-musical-de-benavides-de-orbigo","status":"publish","type":"post","link":"https:\/\/www.demusica.es\/?p=380","title":{"rendered":"I SEMANA MUSICAL DE BENAVIDES DE \u00d3RBIGO"},"content":{"rendered":"<p style=\"text-align: center;\"><strong>I SEMANA MUSICAL DE BENAVIDES DE \u00d3RBIGO<\/strong><\/p>\n<p style=\"text-align: center;\"><img loading=\"lazy\" decoding=\"async\" class=\"aligncenter\" src=\"http:\/\/www.demusica.es\/media\/Concierto%20Final.%20I%20Semana%20Musical.jpg\" alt=\"\" width=\"448\" height=\"336\" align=\"absMiddle\" \/><\/p>\n<p>\u00a0<\/p>\n<p style=\"text-align: center;\"><strong>Profesores del curso<\/strong><\/p>\n<p><strong><em>\u00a0 <\/em><\/strong><strong><em>VIOL\u00cdN\u00a0\u00a0 &#8212;\u00a0 MART\u00cdN MART\u00cdNEZ BASTI\u00c1N\u00a0 &#8212;<\/em><\/strong><em>\u00a0 Titulado Superior en Viol\u00edn y M\u00fasica de C\u00e1mara por el Conservatorio Superior de M\u00fasica \u201c Eduardo Mart\u00ednez Torner \u201c con los profesores A. Mihlin y T. Kvernadze . Profesor de Viol\u00edn del Conservatorio Profesional Del Occidente de Asturias ( C.O.A.S. ) . Profesor de Viol\u00edn y Conjunto Coral de la Escuela Municipal de M\u00fasica de Benavides de \u00d3rbigo .<\/em><\/p>\n<p><em>\u00a0<strong>PIANO\u00a0 &#8212;-\u00a0 MERCEDES D\u00cdEZ FERN\u00c1NDEZ\u00a0 &#8212;<\/strong><\/em>\u00a0 <em>Titulada Superior en la especialidad de Piano en el Conservatorio Superior de M\u00fasica \u201c Eduardo Mart\u00ednez Torner de Oviedo .Profesora de Piano y Lenguaje Musical en la escuela Municipal de M\u00fasica de Benavides de \u00d3rbigo .Profesora de Coro en el Conservatorio \u201c Jose Castro Ovejero \u201c de Le\u00f3n .<\/em><\/p>\n<p><strong><em>PIANO\u00a0\u00a0 &#8212;\u00a0\u00a0 ROBERTO SAN JUAN GARC\u00cdA\u00a0\u00a0 &#8212;\u00a0\u00a0 <\/em><\/strong><em>Titulado en los Conservatorios superiores de Oviedo y Salamanca en Solfeo y Teor\u00eda de la M\u00fasica. Finalizando los estudios superiores de Pedagog\u00eda Musical y Musicolog\u00eda siendo adem\u00e1s docente en Ense\u00f1anza Secundaria.Profesor de Piano en la Escuela De M\u00fasica de Benavides de \u00d3rbigo.<\/em><\/p>\n<p><strong><em>PIANO\u00a0 &#8212;\u00a0 IN\u00c9S ESTRADA V\u00c1ZQUEZ\u00a0 &#8212; <\/em><\/strong><em>Titulada Superior de piano en el Conservatorio Superior de M\u00fasica \u201c Eduardo Mart\u00ednez Torner \u201c de Oviedo con la profesora Purita de La Riva .Profesora de Piano, Lenguaje Musical , Armon\u00eda y M\u00fasica y Movimiento en la Escuela de M\u00fasica de Nava (Asturias ).<\/em><\/p>\n<p><strong>CLARINETE\u00a0\u00a0 &#8212;\u00a0 RA\u00daL AZORES FLORES\u00a0 &#8212;<\/strong>\u00a0 Titulado Superior en Clarinete en el Conservatorio Superior De M\u00fasica de Salamanca con D. Joaqu\u00edn Hern\u00e1ndez Ferr\u00fas .Profesor de clarinete en la Escuela de M\u00fasica De Villarejo de \u00d3rbigo .<\/p>\n<p><strong>FLAUTA\u00a0 &#8212;\u00a0 ZOE LE\u00d3N MART\u00cdN\u00a0 &#8212;\u00a0 <\/strong>Perfecciona sus estudios en el Conservatorio Profesional de M\u00fasica\u00a0\u00a0\u00a0\u00a0\u00a0\u00a0 \u201c \u00c1ngel Barja \u201c de Astorga con el profesor Luis Mari\u00f1o . Miembro de la Banda Municipal y de la Orquesta del Conservatorio Profesional de M\u00fasica de Astorga. Profesora de Flauta en la Escuela de M\u00fasica de Veguellina de \u00d3rbigo<\/p>\n<p><strong>INICIACI\u00d3N\u00a0 &#8212; MARIA SONIA BLANCO MART\u00cdNEZ\u00a0 &#8212;<\/strong>\u00a0 Titulada como Profesora de M\u00fasica en la especialidad de Piano en el Conservatorio Profesional de M\u00fasica de Valladolid. Profesora de Lenguaje Musical en la Escuela de M\u00fasica de Benavides de \u00d3rbigo .<\/p>\n<p><strong>GUITARRA\u00a0 &#8212;\u00a0 CESAR BALB\u00cdN\u00a0 &#8212; <\/strong>Titulado como profesor de Guitarra en el Conservatorio Profesional de M\u00fasica de Gij\u00f3n con el maestro Marcelino Garc\u00eda Sal .Ha sido profesor en el Colegio \u201cMaestros Arregui\u201d y \u201cCelestino Montoto\u201cde Pola de Siero as\u00ed como en la Escuela de M\u00fasica \u201cEnrique Tru\u00e1n \u201c de Gij\u00f3n .<\/p>\n<p><strong>TROMPETA\u00a0 &#8212; ABRAHAM GONZALEZ GONZALEZ\u00a0 &#8212;<\/strong> Termina sus estudios en Grado Medio en el Conservatorio Profesional de M\u00fasica \u201cAngel Barja \u201cde Astorga .Cursa estudios superiores en el Conservatorio Superior de M\u00fasica de Salamanca con el profesor Vicente Mart\u00ednez . Es profesor de Trompeta en la Escuela de M\u00fasica de Benavides de \u00d3rbigo .<\/p>\n<p><strong>TROMB\u00d3N\u00a0 &#8212;\u00a0 DAVID ALEJANDRE D\u00cdEZ\u00a0 &#8212;\u00a0 <\/strong>Termina sus estudios en Grado Medio en el Conservatorio Superior de M\u00fasica de Salamanca\u00a0 con Ximo Vicedo .Actualmente contin\u00faa sus estudios superiores en el mismo centro con \u00c1lvaro Mart\u00ednez .Profesor de Tromb\u00f3n de la Escuela de M\u00fasica de La Ba\u00f1eza .<\/p>\n","protected":false},"excerpt":{"rendered":"<p>I SEMANA MUSICAL DE BENAVIDES DE \u00d3RBIGO \u00a0 Profesores del curso \u00a0 VIOL\u00cdN\u00a0\u00a0 &#8212;\u00a0 MART\u00cdN MART\u00cdNEZ BASTI\u00c1N\u00a0 &#8212;\u00a0 Titulado Superior en Viol\u00edn y M\u00fasica de C\u00e1mara por el Conservatorio Superior de M\u00fasica \u201c Eduardo Mart\u00ednez Torner \u201c con los profesores A. Mihlin y T. Kvernadze . Profesor de Viol\u00edn del Conservatorio Profesional Del Occidente de&#8230;<\/p>\n","protected":false},"author":2,"featured_media":0,"comment_status":"open","ping_status":"open","sticky":false,"template":"","format":"standard","meta":{"_kad_post_transparent":"","_kad_post_title":"","_kad_post_layout":"","_kad_post_sidebar_id":"","_kad_post_content_style":"","_kad_post_vertical_padding":"","_kad_post_feature":"","_kad_post_feature_position":"","_kad_post_header":false,"_kad_post_footer":false,"_kad_post_classname":"","footnotes":""},"categories":[57],"tags":[],"class_list":["post-380","post","type-post","status-publish","format-standard","hentry","category-i-semana-musical-de-benavides-de-orbigo"],"_links":{"self":[{"href":"https:\/\/www.demusica.es\/index.php?rest_route=\/wp\/v2\/posts\/380","targetHints":{"allow":["GET"]}}],"collection":[{"href":"https:\/\/www.demusica.es\/index.php?rest_route=\/wp\/v2\/posts"}],"about":[{"href":"https:\/\/www.demusica.es\/index.php?rest_route=\/wp\/v2\/types\/post"}],"author":[{"embeddable":true,"href":"https:\/\/www.demusica.es\/index.php?rest_route=\/wp\/v2\/users\/2"}],"replies":[{"embeddable":true,"href":"https:\/\/www.demusica.es\/index.php?rest_route=%2Fwp%2Fv2%2Fcomments&post=380"}],"version-history":[{"count":2,"href":"https:\/\/www.demusica.es\/index.php?rest_route=\/wp\/v2\/posts\/380\/revisions"}],"predecessor-version":[{"id":382,"href":"https:\/\/www.demusica.es\/index.php?rest_route=\/wp\/v2\/posts\/380\/revisions\/382"}],"wp:attachment":[{"href":"https:\/\/www.demusica.es\/index.php?rest_route=%2Fwp%2Fv2%2Fmedia&parent=380"}],"wp:term":[{"taxonomy":"category","embeddable":true,"href":"https:\/\/www.demusica.es\/index.php?rest_route=%2Fwp%2Fv2%2Fcategories&post=380"},{"taxonomy":"post_tag","embeddable":true,"href":"https:\/\/www.demusica.es\/index.php?rest_route=%2Fwp%2Fv2%2Ftags&post=380"}],"curies":[{"name":"wp","href":"https:\/\/api.w.org\/{rel}","templated":true}]}}