{"id":383,"date":"2011-10-17T21:39:43","date_gmt":"2011-10-17T19:39:43","guid":{"rendered":"http:\/\/www.demusica.es\/?p=383"},"modified":"2011-10-17T21:39:43","modified_gmt":"2011-10-17T19:39:43","slug":"ii-semana-musical-de-benavides-de-orbigo","status":"publish","type":"post","link":"https:\/\/www.demusica.es\/?p=383","title":{"rendered":"II SEMANA MUSICAL DE BENAVIDES DE \u00d3RBIGO"},"content":{"rendered":"<p style=\"text-align: center;\"><strong>II SEMANA MUSICAL DE BENAVIDES DE \u00d3RBIGO<\/strong><\/p>\n<p>Por segundo a\u00f1o el Ayuntamiento de Benavides de \u00d3rbigo y su Escuela de M\u00fasica\u00a0 presentan la\u00a0\u00a0 II Semana de M\u00fasica de Benavides de \u00d3rbigo , que se desarrollar\u00e1 entre los d\u00edas del 1 al\u00a0 8 de Agosto de 2004.<\/p>\n<p>La buena experiencia del verano pasado nos da m\u00e1s ganas a\u00fan de continuar con este proyecto pues profesores y alumnos quedamos encantados con el desarrollo y la convivencia de aquellos d\u00edas, as\u00ed que intentando innovar y mejorar cosas este verano nos proponemos superarnos.<\/p>\n<p>El planteamiento de la semana continua siendo parecido al verano pasado bas\u00e1ndose en el desarrollo de cuatro clases individuales de cada alumno con su profesor que se dar\u00e1n por las ma\u00f1anas, dejando las tardes para los ensayos de las agrupaciones de M\u00fasica de C\u00e1mara, Orquesta y Coro. Tambi\u00e9n tendremos tiempo para disfrutar y relajarnos pues seguimos teniendo acceso a la piscina y a todas las instalaciones deportivas como campo de f\u00fatbol, cancha de baloncesto etc&#8230; adem\u00e1s de actividades de tiempo libre, concursos, juegos y excursiones, siempre con el control de profesores y monitores.<\/p>\n<p>Comenzaremos la semana el <em>Domingo d\u00eda 1 a las 21:00\u00a0 Horas<\/em>\u00a0 para que as\u00ed el lunes ya nos pongamos manos a la obra y terminaremos el <em>Domingo d\u00eda 8 tras el concierto final y la comida<\/em> en com\u00fan. Haremos audiciones finales donde cada alumno podr\u00e1 demostrar lo aprendido durante estos d\u00edas. Las clases, ensayos y todas las actividades que se desarrollen as\u00ed como nuestro centro de trabajo ser\u00e1 el<em> Colegio P\u00fablico \u201cSan Juan\u201d y la Escuela Municipal De M\u00fasica de Benavides de \u00d3rbigo .<\/em><\/p>\n<p>\u00a0 Este a\u00f1o tenemos dos novedades: Una asignatura (de matr\u00edcula especial de 10 \u20ac m\u00e1s)\u00a0 para iniciarse en el manejo de la Notaci\u00f3n Musical por Ordenador ,(asignatura que por sus caracter\u00edsticas no podr\u00e1 tener m\u00e1s de 7 alumnos) y en Guitarra hemos pensado en abrir cinco tipos de matr\u00edcula:<\/p>\n<p>&#8211; Guitarra Iniciaci\u00f3n: Clases destinadas a aquellos alumnos que no poseen conocimientos de\u00a0\u00a0\u00a0\u00a0\u00a0 guitarra. Para este curso dispondremos de 10 guitarras (instrumentos) a disposici\u00f3n de los 10 primeros ni\u00f1os\/as que se matriculen.<\/p>\n<p>&#8211; Guitarra Cl\u00e1sica Iniciaci\u00f3n: Con obras de F.Sor y J.S. Bach<\/p>\n<p>&#8211; Guitarra Cl\u00e1sica Avanzada: Con obras de J.S. Bach y Manuel de Falla<\/p>\n<p>\u00a0\u00a0\u00a0\u00a0\u00a0\u00a0 &#8211; Guitarra Moderna Iniciaci\u00f3n: Con obras de E.Clapton y R.Stones<\/p>\n<p>\u00a0\u00a0\u00a0\u00a0\u00a0\u00a0 &#8211; Guitarra Moderna Avanzada: Con obras de E.Clapton, B.Setzer y B.B. King\u00a0<\/p>\n<p>\u00a0\u00a0\u00a0\u00a0\u00a0\u00a0\u00a0\u00a0\u00a0\u00a0\u00a0\u00a0\u00a0\u00a0\u00a0\u00a0\u00a0\u00a0\u00a0\u00a0\u00a0\u00a0\u00a0\u00a0\u00a0\u00a0\u00a0\u00a0\u00a0\u00a0\u00a0\u00a0\u00a0\u00a0\u00a0\u00a0\u00a0\u00a0\u00a0\u00a0\u00a0\u00a0\u00a0\u00a0\u00a0<\/p>\n<p style=\"text-align: center;\"><strong>PROFESORES<\/strong><br \/>\n\u00a0<\/p>\n<p><em>VIOL\u00cdN\u00a0\u00a0 &#8212;\u00a0 MART\u00cdN MART\u00cdNEZ BASTI\u00c1N\u00a0 &#8212;<\/em><em> Titulado Superior en Viol\u00edn y M\u00fasica de C\u00e1mara por el Conservatorio Superior de M\u00fasica \u201c Eduardo Mart\u00ednez Torner \u201c con los profesores A. Mihlin y\u00a0 T. Kvernadze. Fue miembro de la J.O.S.P.A., O.S. del Conservatorio de Gij\u00f3n y J.O.S.V.E.. Actualmente es profesor de Viol\u00edn del Conservatorio Profesional Del Occidente de Asturias\u00a0\u00a0\u00a0\u00a0\u00a0\u00a0\u00a0\u00a0\u00a0\u00a0\u00a0\u00a0 ( C.O.A.S. ) . Profesor de Viol\u00edn y Conjunto Coral de la Escuela Municipal de M\u00fasica de Benavides de \u00d3rbigo.<\/em><\/p>\n<p><em>\u00a0<\/em><\/p>\n<p><em>VIOLONCELLO &#8212;MARIA JOSE MEANA MEANA &#8212;<\/em><em> <\/em>Comienza a estudiar violoncello en la E.M. Enrique Tru\u00e1n de Gij\u00f3n con Katal\u00edn Ill\u00e9s,\u00a0 con quien finalizar\u00e1\u00a0 Grado Medio en el Conservatorio de M\u00fasica Juli\u00e1n Orb\u00f3n de Avil\u00e9s. Prosigue su formaci\u00f3n con los V. Sarkissov y A. Osokin, con quien contin\u00faa su perfeccionamiento en la actualidad, obteniendo en el a\u00f1o 2004 el T\u00edtulo Superior. Diplomada en magisterio. Es profesora de violoncello, lenguaje musical e iniciaci\u00f3n en el Conservatorio Profesional del Occidente de Asturias y la Academia Soto de Llanera.<\/p>\n<p><em>\u00a0<\/em><\/p>\n<p><em>CLARINETE &#8212;\u00a0 LYDIA MART\u00cdNEZ LLERA &#8212;<\/em><em> Inicia su formaci\u00f3n en la Banda de M\u00fasica de Pola de Siero a los 8 a\u00f1os. A los 20 a\u00f1os finaliza los estudios de clarinete\u00a0obteniendo la calificaci\u00f3n de Matr\u00edcula de Honor. Es miembro de la Banda de M\u00fasica Ciudad de Oviedo y de la Joven Orquesta del Principado de Asturias (JOSPA), plazas obtenidas por prueba de selecci\u00f3n. Ha colaborado con la Orquesta Sinf\u00f3nica del Principado de Asturias (OSPA). Es profesora en la Escuela de M\u00fasica Increscendo de Infiesto.<\/em><\/p>\n<p><em>\u00a0<\/em><\/p>\n<p><em>PIANO &#8212; ROBERTO SAN JUAN GARC\u00cdA &#8212;<\/em><em> <\/em><em>Formado en el\u00a0Conservatorio Profesional de M\u00fasica de Le\u00f3n y en los Conservatorios Superiores de Oviedo y Salamanca. Es profesor de piano y profesor superior de solfeo, teor\u00eda de la m\u00fasica y acompa\u00f1amiento as\u00ed como de\u00a0pedagog\u00eda musical y de musicolog\u00eda. Ha asistido a numerosos cursos, dirigidos por Emilio Molina, Luca Chiantore y\u00a0Antonio Baciero y participado como ponente en el primer congreso de doctorantes de musicolog\u00eda del estado espa\u00f1ol (Valencia, Noviembre 2003).<\/em><\/p>\n<p><em>\u00a0<\/em><\/p>\n<p><em>PIANO &#8212; IN\u00c9S ESTRADA V\u00c1ZQUEZ &#8212;<\/em><em> <\/em><em>Licenciada en Piano y M\u00fasica de C\u00e1mara por el Conservatorio Superior de M\u00fasica \u201cEduardo Mart\u00ednez Torner\u201d de Oviedo. Profesora de Lenguaje Musical, Armon\u00eda y M\u00fasica y Movimiento en la Escuela de M\u00fasica de Nava. Actualmente presidenta de la Asociaci\u00f3n de Escuelas Municipales de M\u00fasica y Danza de Asturias. <\/em><em>Ha realizado cursos de piano, inform\u00e1tica musical, lenguaje musical y m\u00fasica y movimiento as\u00ed como los cursos Oviedo Joven durante seis a\u00f1os. <\/em><\/p>\n<p><em>\u00a0<\/em><\/p>\n<p>\u00a0<\/p>\n<p>ORQUESTA \/ PIANO ACOMPA\u00d1ANTE &#8212; JOSE MANUEL SAN EMETERIO \u00c1LVAREZ &#8212;\u00a0 Titulado Superior de Piano, M\u00fasica de C\u00e1mara, Solfeo, Teor\u00eda de la M\u00fasica, Transposici\u00f3n y Acompa\u00f1amiento por el Conservatorio Superior de M\u00fasica \u201cEduardo Mart\u00ednez Torner\u201d de Oviedo. Titulado en viol\u00edn y Composici\u00f3n. Actualmente es profesor de An\u00e1lisis, Armon\u00eda, Acompa\u00f1amiento, Historia y Piano en el Conservatorio Profesional del Occidente de Asturias\u00a0\u00a0\u00a0\u00a0\u00a0\u00a0 ( C.O.A.S. ). Director de la Coral San Antonio de Gij\u00f3n.<\/p>\n<p><em>\u00a0<\/em><\/p>\n<p>ACTIVIDADES MUSICALES &#8212; MARIA SONIA BLANCO MART\u00cdNEZ &#8212; Titulada como Profesora de M\u00fasica en la especialidad de Piano en el Conservatorio Profesional de M\u00fasica de Valladolid. Ha sido profesora de Piano, Canto y Lenguaje Musical en la Escuela Musical \u201cAlb\u00e9niz\u201d de Le\u00f3n. Actualmente es profesora de Lenguaje Musical en la Escuela de M\u00fasica de Benavides de \u00d3rbigo.<\/p>\n<p>GUITARRA\u00a0 &#8212;\u00a0 C\u00c9SAR LUIS BALB\u00cdN GRAC\u00cdA\u00a0 &#8212; Estudi\u00f3 en el Conservatorio Superior de M\u00fasica \u201cEduardo Mart\u00ednez Torner\u201d de Oviedo y en la Escuela de M\u00fasica Enrique Truh\u00e1n con los profesores Marcelino Garc\u00eda Sal y Manuel Gonz\u00e1lez. Ha impartido clases de m\u00fasica durante m\u00e1s de 12 a\u00f1os en distintos centros de Oviedo, Gij\u00f3n y Siero. Es miembro de la Orquesta de C\u00e1mara de Gij\u00f3n.\u00a0<\/p>\n<p>TROMPETA\u00a0 &#8212; JES\u00daS ALBERTO ALONSO PACHECO &#8212; Estudia en el Conservatorio de Oviedo y en el Real Conservatorio Superior de M\u00fasica de Madrid. Es Trompeta Solista de la Banda de M\u00fasica \u201cCiudad de Oviedo\u201d desde su creaci\u00f3n en 1992, Profesor de Trompeta y Trompa en la Escuela Municipal de M\u00fasica de Oviedo desde 1998 y Profesor de Trompeta en la Joven Banda \u201cVetusta\u201d desde 1999. Ha colaborado con diversas Orquestas: O.S.P.A., Virtuosos de Mosc\u00fa, \u201cArche\u201d, etc.<\/p>\n<p>FLAUTA &#8212; PATRICIA V\u00c1ZQUEZ S\u00c1NCHEZ &#8212; Comienza sus estudios musicales en el Conservatorio Profesional de M\u00fasica de Gij\u00f3n donde obtiene el T\u00edtulo de Profesora de Flauta. Actualmente contin\u00faa sus estudios superiores en el Conservatorio Superior de M\u00fasica \u201cEduardo Mart\u00ednez Torner\u201d de Oviedo. Ha realizado numerosos cursos de especializaci\u00f3n musical con profesores de la talla de V.Prats, A.Prittwitz , J.Blasco , A.Arias , M. Mart\u00ednez , Lauret Blaiteau , E.Molina y M.Camp.<\/p>\n","protected":false},"excerpt":{"rendered":"<p>II SEMANA MUSICAL DE BENAVIDES DE \u00d3RBIGO Por segundo a\u00f1o el Ayuntamiento de Benavides de \u00d3rbigo y su Escuela de M\u00fasica\u00a0 presentan la\u00a0\u00a0 II Semana de M\u00fasica de Benavides de \u00d3rbigo , que se desarrollar\u00e1 entre los d\u00edas del 1 al\u00a0 8 de Agosto de 2004. La buena experiencia del verano pasado nos da m\u00e1s&#8230;<\/p>\n","protected":false},"author":2,"featured_media":0,"comment_status":"closed","ping_status":"open","sticky":false,"template":"","format":"standard","meta":{"_kad_post_transparent":"","_kad_post_title":"","_kad_post_layout":"","_kad_post_sidebar_id":"","_kad_post_content_style":"","_kad_post_vertical_padding":"","_kad_post_feature":"","_kad_post_feature_position":"","_kad_post_header":false,"_kad_post_footer":false,"_kad_post_classname":"","footnotes":""},"categories":[58],"tags":[],"class_list":["post-383","post","type-post","status-publish","format-standard","hentry","category-ii-semana-musical-de-benavides-de-orbigo"],"_links":{"self":[{"href":"https:\/\/www.demusica.es\/index.php?rest_route=\/wp\/v2\/posts\/383","targetHints":{"allow":["GET"]}}],"collection":[{"href":"https:\/\/www.demusica.es\/index.php?rest_route=\/wp\/v2\/posts"}],"about":[{"href":"https:\/\/www.demusica.es\/index.php?rest_route=\/wp\/v2\/types\/post"}],"author":[{"embeddable":true,"href":"https:\/\/www.demusica.es\/index.php?rest_route=\/wp\/v2\/users\/2"}],"replies":[{"embeddable":true,"href":"https:\/\/www.demusica.es\/index.php?rest_route=%2Fwp%2Fv2%2Fcomments&post=383"}],"version-history":[{"count":2,"href":"https:\/\/www.demusica.es\/index.php?rest_route=\/wp\/v2\/posts\/383\/revisions"}],"predecessor-version":[{"id":385,"href":"https:\/\/www.demusica.es\/index.php?rest_route=\/wp\/v2\/posts\/383\/revisions\/385"}],"wp:attachment":[{"href":"https:\/\/www.demusica.es\/index.php?rest_route=%2Fwp%2Fv2%2Fmedia&parent=383"}],"wp:term":[{"taxonomy":"category","embeddable":true,"href":"https:\/\/www.demusica.es\/index.php?rest_route=%2Fwp%2Fv2%2Fcategories&post=383"},{"taxonomy":"post_tag","embeddable":true,"href":"https:\/\/www.demusica.es\/index.php?rest_route=%2Fwp%2Fv2%2Ftags&post=383"}],"curies":[{"name":"wp","href":"https:\/\/api.w.org\/{rel}","templated":true}]}}