{"id":386,"date":"2011-10-17T21:48:03","date_gmt":"2011-10-17T19:48:03","guid":{"rendered":"http:\/\/www.demusica.es\/?p=386"},"modified":"2011-10-17T21:48:03","modified_gmt":"2011-10-17T19:48:03","slug":"iii-semana-musical-de-benavides-de-orbigo","status":"publish","type":"post","link":"https:\/\/www.demusica.es\/?p=386","title":{"rendered":"III SEMANA MUSICAL DE BENAVIDES DE \u00d3RBIGO"},"content":{"rendered":"<p style=\"text-align: center;\"><strong>III SEMANA MUSICAL DE BENAVIDES DE \u00d3RBIGO<\/strong><\/p>\n<p>Una vez m\u00e1s el Ayuntamiento de Benavides de \u00d3rbigo y su Escuela de M\u00fasica presentan la <strong>III SEMANA DE M\u00daSICA DE BENAVIDES DE\u00a0 \u00d3RBIGO<\/strong> que se desarrollar\u00e1 este a\u00f1o entre las fechas del:\u00a0\u00a0\u00a0<strong>1\u00a0 al\u00a0 7\u00a0 de Agosto\u00a0 de\u00a0 2005.<\/strong><\/p>\n<p>Este a\u00f1o presentamos el curso muy ilusionados y con varias novedades, ya que nuestro objetivo es el de mejorar lo que hicimos el verano pasado, as\u00ed que\u00a0 nos hemos propuesto metas m\u00e1s altas a fin de consolidar nuestra semana musical como lugar de encuentro musical para los ni\u00f1os y j\u00f3venes que nos acompa\u00f1en.<\/p>\n<p>El planteamiento de la semana continua siendo parecido al verano pasado bas\u00e1ndose en el desarrollo de cuatro clases individuales de cada alumno con su profesor que se dar\u00e1n por las ma\u00f1anas, dejando las tardes para los ensayos de M\u00fasica de C\u00e1mara, Orquesta &#8211; Banda y Coro.<\/p>\n<p>Tambi\u00e9n tendremos tiempo para disfrutar y relajarnos pues seguimos teniendo acceso a la piscina y a todas las instalaciones deportivas que tenemos al lado de nuestro albergue, campo de f\u00fatbol, cancha de baloncesto etc&#8230; adem\u00e1s de actividades de tiempo libre, concursos, juegos y excursiones, siempre bajo la tutela de los monitores y profesores.<\/p>\n<p>\u00a0<\/p>\n<p>Las novedades de este verano son:<\/p>\n<p>&#8211; Queremos darle mayor importancia a la M\u00fasica de C\u00e1mara\u00a0 as\u00ed que hemos pensado poner una hora todos los d\u00edas por la tarde para que todos los alumnos practiquen y disfruten haciendo m\u00fasica de conjunto.<\/p>\n<p>&#8211; Adem\u00e1s como verdadera novedad en cursillos de este tipo, vamos a realizar el <strong>CURSO DE GRABACI\u00d3N<\/strong> con las \u00faltimas tecnolog\u00edas.<\/p>\n<p>Grabaci\u00f3n real al finalizar el curso. Grabadora profesional\u00a0ZOOM\u00a0\u00a0\u00a0 MRS-1266-CD con las siguientes caracter\u00edsticas:<\/p>\n<p>Adem\u00e1s de micr\u00f3fonos de condensadores, din\u00e1micos, inal\u00e1mbricos, etc&#8230;\u00a0\u00a0<\/p>\n<p>\u201d No te pierdas el \u00fanico curso de grabaci\u00f3n disponible en Le\u00f3n \u201c<br \/>\nComenzaremos la semana el <em>Domingo 31 de Julio con una presentaci\u00f3n a las 21:30 Horas<\/em> para que as\u00ed el lunes ya nos pongamos manos a la obra y terminaremos el\u00a0 <em>Domingo d\u00eda 7 tras el concierto final y la comida<\/em> en com\u00fan. Haremos audiciones finales donde cada alumno podr\u00e1 demostrar lo aprendido durante estos d\u00edas.<\/p>\n<p>\u00a0<\/p>\n<p>Las clases, ensayos y todas las actividades que se desarrollen as\u00ed como nuestro centro de trabajo ser\u00e1 el<em> Colegio P\u00fablico \u201cSan Juan\u201d y la Escuela Municipal de M\u00fasica de Benavides de \u00d3rbigo .<\/em><\/p>\n<p style=\"text-align: center;\"><em>\u00a0<\/em><\/p>\n<p>\u00a0<br \/>\n<img loading=\"lazy\" decoding=\"async\" src=\"http:\/\/www.demusica.es\/media\/Orquesta%20de%20Cuerda%20III%20Semana%20Musical.jpg\" alt=\"\" width=\"432\" height=\"346\" \/><\/p>\n<p style=\"text-align: center;\">\u00a0<\/p>\n<p>\u00a0<\/p>\n<p style=\"text-align: center;\"><img loading=\"lazy\" decoding=\"async\" class=\"aligncenter\" src=\"http:\/\/www.demusica.es\/media\/Orquesta%20y%20Coro%20%20III%20semana%20Musical%20de%20Benavides.jpg\" alt=\"\" width=\"504\" height=\"403\" \/><\/p>\n<p>\u00a0<\/p>\n<p><strong><em>P R O F E S O R E S<\/em><\/strong><strong>\u00a0<\/strong><\/p>\n<p><em>DIRECCI\u00d3N\u00a0 DEL CURSO\/VIOL\u00cdN\/M\u00daSICA DE C\u00c1MARA <\/em><\/p>\n<p><em>&#8211;\u00a0 MART\u00cdN MART\u00cdNEZ BASTI\u00c1N\u00a0 &#8211; <\/em><\/p>\n<p><em>\u00a0Titulado Superior en Viol\u00edn y M\u00fasica de C\u00e1mara por el Conservatorio Superior de M\u00fasica \u201c Eduardo Mart\u00ednez Torner \u201c de Oviedo con los profesores A. Mihlin y\u00a0 T. Kvernadze. Fue miembro de la J.O.S.P.A.,\u00a0\u00a0 O.S.\u00a0 del Conservatorio de Gij\u00f3n y J.O.S.V.E.. Colabora con la OSCO, O. Da Escola de M\u00fasica de Oporto y\u00a0 O. de C\u00e1mara del Conservatorio de Oviedo. Actualmente es profesor de Viol\u00edn del Conservatorio Profesional del Occidente de Asturias ( C.O.A.S. ) y Profesor de Viol\u00edn y Conjunto Coral de la Escuela Municipal de M\u00fasica de Benavides\u00a0\u00a0\u00a0\u00a0 de \u00d3rbigo.<\/em><\/p>\n<p><em>VIOL\u00cdN &#8211; JUAN CARLOS LARIA DE LA MAZA &#8211;<\/em><\/p>\n<p>Inicia los estudios de viol\u00edn y piano en la Escolan\u00eda de Nuestra Se\u00f1ora de Covadonga. Contin\u00faa en la Schola Cantorum \u201cCatedral de Le\u00f3n\u201d. En 1988 retorna a la Escolan\u00eda de Covadonga para hacerse cargo de su direcci\u00f3n hasta 1993.Estudia viol\u00edn con A.Ordieres, A. Vasiliev y A. Mihlin; piano con Pant\u00edn y M\u00fasica de C\u00e1mara con\u00a0 T. Kvernadze finalizando el grado superior de viol\u00edn y m\u00fasica de c\u00e1mara.Colabora con la OSCO, Milenium y Virtuosos de Mosc\u00fa. Es profesor de viol\u00edn en el Conservatorio Profesional de M\u00fasica \u201cValle del Nal\u00f3n\u201d.<\/p>\n<p>\u00a0<\/p>\n<p><em>VIOLONCELLO &#8211; MARIA JOSE MEANA MEANA &#8211; <\/em><\/p>\n<p>Comienza a estudiar violoncello en la E.M. Enrique Tru\u00e1n de Gij\u00f3n con Katal\u00edn Ill\u00e9s,\u00a0 con quien finalizar\u00e1\u00a0 Grado Medio en el Conservatorio de M\u00fasica Juli\u00e1n Orb\u00f3n de Avil\u00e9s. Prosigue su formaci\u00f3n con los V. Sarkissov y A. Osokin, con quien contin\u00faa su perfeccionamiento en la actualidad, obteniendo en el a\u00f1o 2004 el T\u00edtulo Superior. Diplomada en magisterio. Durante los curso 2002\/03 y 2003\/04 fue profesora de violoncello en el Conservatorio Profesional del Occidente de Asturias. Actualmente es profesora de violoncello, lenguaje musical e iniciaci\u00f3n en y la Academia Soto de Llanera.<\/p>\n<p>\u00a0<\/p>\n<p><em>PIANO &#8211; IN\u00c9S ESTRADA V\u00c1ZQUEZ &#8211;\u00a0 <\/em><\/p>\n<p><em>Licenciada en Piano y M\u00fasica de C\u00e1mara por el Conservatorio Superior de M\u00fasica \u201cEduardo Mart\u00ednez Torner\u201d de Oviedo. Profesora de Lenguaje Musical, Armon\u00eda y M\u00fasica y Movimiento en la Escuela de M\u00fasica de Nava. Actualmente presidenta de la Asociaci\u00f3n de Escuelas Municipales de M\u00fasica y Danza de Asturias. Ha realizado cursos de piano, inform\u00e1tica musical, lenguaje musical y m\u00fasica y movimiento as\u00ed como los cursos Oviedo Joven durante seis a\u00f1os. Presidenta de la Asociaci\u00f3n de Escuelas de M\u00fasica De Asturias (A.E.M.D.A.S.).<\/em><\/p>\n<p><em>\u00a0<\/em><\/p>\n<p><em>PIANO &#8211;\u00a0 LUIS MIGUEL\u00a0 ABELLO &#8211;<\/em><\/p>\n<p><em>Licenciado superior en Piano y M\u00fasica de C\u00e1mara por el Conservatorio Superior de M\u00fasica de Salamanca.<\/em><\/p>\n<p>Se traslada a Austria donde realiza estudios de direcci\u00f3n obteniendo en 2004 el t\u00edtulo de Bakkalaureatstudium de Direcci\u00f3n de Orquesta y Direcci\u00f3n de Coro en la Universit\u00e4t f\u00fcr Musik de Graz, Austria. Desde 1992 ha sido alumno de Leonel Morales. Como pianista ha ofrecido recitales en importantes salas de la geograf\u00eda nacional e internacional. Ha dirigido\u00a0 numerosas agrupaciones como la Sinfonietta Orchestra, la Orquesta de C\u00e1mara de la Universidad de Graz, la Sinfonisches Bl\u00e4serorchester des KUG&#8230;.<\/p>\n<p><em>\u00a0<\/em><\/p>\n<p>PIANO\/ORQUESTA\/NOTACI\u00d3N\u00a0 &#8211; JOSE MANUEL\u00a0 SAN EMETERIO \u00c1LVAREZ &#8211;<\/p>\n<p>Titulado Superior de Piano, M\u00fasica de C\u00e1mara, Solfeo, Teor\u00eda de la M\u00fasica, Transposici\u00f3n y Acompa\u00f1amiento por el Conservatorio Superior de M\u00fasica \u201cEduardo Mart\u00ednez Torner\u201d de Oviedo. Titulado en viol\u00edn y\u00a0\u00a0\u00a0\u00a0\u00a0\u00a0\u00a0 Composici\u00f3n. Actualmente realiza estudios de direcci\u00f3n coral y orquestal en el R.C.S.M.M. y es profesor de piano de la Escuela Municipal de m\u00fasica de Benavides de \u00d3rbigo. Director de la Coral San Antonio de Gij\u00f3n y miembro del\u00a0 coro \u201cEl leon de oro\u201d &#8211; Luanco (Asturias).<\/p>\n<p><em>\u00a0<\/em><\/p>\n<p><em>GUITARRA\/GRABACI\u00d3N &#8211; C\u00c9SAR LUIS BALB\u00cdN GRAC\u00cdA &#8211; <\/em><\/p>\n<p><em>Titulado superior de Guitarra estudi\u00f3 en el Conservatorio Superior de M\u00fasica \u201cEduardo Mart\u00ednez Torner\u201d\u00a0\u00a0\u00a0\u00a0\u00a0\u00a0\u00a0 de Oviedo y en la Escuela de M\u00fasica Enrique Truh\u00e1n con los profesores Marcelino Garc\u00eda Sal y Manuel Gonz\u00e1lez. Ha impartido clases de m\u00fasica durante m\u00e1s de 12 a\u00f1os en distintos centros de Oviedo, Gij\u00f3n y Siero.\u00a0\u00a0\u00a0\u00a0\u00a0\u00a0\u00a0\u00a0\u00a0\u00a0 Es miembro de la Orquesta de C\u00e1mara de Gij\u00f3n.\u00a0 <\/em><\/p>\n<p><em>\u00a0<\/em><\/p>\n<p><em>TROMPETA\/BANDA\u00a0 &#8211; JES\u00daS ALBERTO ALONSO PACHECO &#8211; <\/em><\/p>\n<p><em>Estudia en el Conservatorio de Oviedo y en el Real Conservatorio Superior de M\u00fasica de Madrid. Es Trompeta Solista de la Banda de M\u00fasica \u201cCiudad de Oviedo\u201d desde su creaci\u00f3n en 1992, Profesor de Trompeta y Trompa en la Escuela Municipal de M\u00fasica de Oviedo desde 1998 y Profesor de Trompeta en la Joven Banda \u201cVetusta\u201d desde 1999. Ha colaborado con diversas Orquestas: O.S.P.A., Virtuosos de Mosc\u00fa, \u201cArche\u201d, etc.<\/em><em>..<\/em><\/p>\n<p><em>\u00a0<\/em><\/p>\n<p><em>\u00a0<\/em><\/p>\n<p><em>FLAUTA &#8211; PATRICIA V\u00c1ZQUEZ S\u00c1NCHEZ &#8211; <\/em><\/p>\n<p>Comienza sus estudios en el Conservatorio\u00a0 Profesional de M\u00fasica de Gij\u00f3n donde\u00a0obtiene el T\u00edtulo de Profesora\u00a0\u00a0\u00a0 de Flauta travesera y finaliza este a\u00f1o\u00a0sus estudios superiores en el Conservatorio Superior de M\u00fasica \u00abEduardo Mart\u00ednez Torner\u00bb de Oviedo. Ha realizado numerosos cursos de perfeccionamiento con flautistas como Vi\u00e7ens Prats y Magdalena Mart\u00ednez y cursos de\u00a0jazz con Andreas Prittwitz. En la actualidad es\u00a0profesora de flauta\u00a0\u00a0\u00a0\u00a0\u00a0\u00a0 y lenguaje musical en la Escuela Municipal de M\u00fasica de Grado.<\/p>\n<p><em>\u00a0<\/em><\/p>\n<p>CLARINETE \u00a0&#8211; ROC\u00cdO FERN\u00c1NDEZ GAR\u00cdN &#8211;<\/p>\n<p>Finaliz\u00f3 sus estudios en el Conservatorio Superior \u00abEduardo Mart\u00ednez Torner\u00bb de Oviedo con Premio de Honor de\u00a0Fin de Carrera. Recibe clases de Miguel A. Torres Pe\u00f1arrocha, Iv\u00e1n Cuervo, Daniel S\u00e1nchez, Peter\u00a0\u00a0\u00a0\u00a0\u00a0\u00a0 Handsworth, Andreas Weisgerber, Alberto Veintimilla, Michelle Carulli y Vicente Alberola. Ha formado parte de la Orquesta Sinf\u00f3nica de Gij\u00f3n, JOSPA, JOSVE y desde hace tres a\u00f1os es clarinete solista en la Joven\u00a0\u00a0 Orquesta del Teatro Real de MAdrid. Ha actuado en gran parte de la geograf\u00eda espa\u00f1ola\u00a0 y europea. Actualmente es profesora de clarinete en el Conservatorio Superior de Oviedo<\/p>\n","protected":false},"excerpt":{"rendered":"<p>III SEMANA MUSICAL DE BENAVIDES DE \u00d3RBIGO Una vez m\u00e1s el Ayuntamiento de Benavides de \u00d3rbigo y su Escuela de M\u00fasica presentan la III SEMANA DE M\u00daSICA DE BENAVIDES DE\u00a0 \u00d3RBIGO que se desarrollar\u00e1 este a\u00f1o entre las fechas del:\u00a0\u00a0\u00a01\u00a0 al\u00a0 7\u00a0 de Agosto\u00a0 de\u00a0 2005. Este a\u00f1o presentamos el curso muy ilusionados y con&#8230;<\/p>\n","protected":false},"author":2,"featured_media":0,"comment_status":"closed","ping_status":"open","sticky":false,"template":"","format":"standard","meta":{"_kad_post_transparent":"","_kad_post_title":"","_kad_post_layout":"","_kad_post_sidebar_id":"","_kad_post_content_style":"","_kad_post_vertical_padding":"","_kad_post_feature":"","_kad_post_feature_position":"","_kad_post_header":false,"_kad_post_footer":false,"_kad_post_classname":"","footnotes":""},"categories":[59],"tags":[],"class_list":["post-386","post","type-post","status-publish","format-standard","hentry","category-iii-semana-musical-de-benavides-de-orbigo"],"_links":{"self":[{"href":"https:\/\/www.demusica.es\/index.php?rest_route=\/wp\/v2\/posts\/386","targetHints":{"allow":["GET"]}}],"collection":[{"href":"https:\/\/www.demusica.es\/index.php?rest_route=\/wp\/v2\/posts"}],"about":[{"href":"https:\/\/www.demusica.es\/index.php?rest_route=\/wp\/v2\/types\/post"}],"author":[{"embeddable":true,"href":"https:\/\/www.demusica.es\/index.php?rest_route=\/wp\/v2\/users\/2"}],"replies":[{"embeddable":true,"href":"https:\/\/www.demusica.es\/index.php?rest_route=%2Fwp%2Fv2%2Fcomments&post=386"}],"version-history":[{"count":2,"href":"https:\/\/www.demusica.es\/index.php?rest_route=\/wp\/v2\/posts\/386\/revisions"}],"predecessor-version":[{"id":388,"href":"https:\/\/www.demusica.es\/index.php?rest_route=\/wp\/v2\/posts\/386\/revisions\/388"}],"wp:attachment":[{"href":"https:\/\/www.demusica.es\/index.php?rest_route=%2Fwp%2Fv2%2Fmedia&parent=386"}],"wp:term":[{"taxonomy":"category","embeddable":true,"href":"https:\/\/www.demusica.es\/index.php?rest_route=%2Fwp%2Fv2%2Fcategories&post=386"},{"taxonomy":"post_tag","embeddable":true,"href":"https:\/\/www.demusica.es\/index.php?rest_route=%2Fwp%2Fv2%2Ftags&post=386"}],"curies":[{"name":"wp","href":"https:\/\/api.w.org\/{rel}","templated":true}]}}