{"id":389,"date":"2011-10-17T21:53:09","date_gmt":"2011-10-17T19:53:09","guid":{"rendered":"http:\/\/www.demusica.es\/?p=389"},"modified":"2011-10-17T21:53:09","modified_gmt":"2011-10-17T19:53:09","slug":"iv-semana-musical-de-benavides-de-orbigo","status":"publish","type":"post","link":"https:\/\/www.demusica.es\/?p=389","title":{"rendered":"IV SEMANA MUSICAL DE BENAVIDES DE \u00d3RBIGO"},"content":{"rendered":"<p style=\"text-align: center;\"><strong>IV SEMANA MUSICAL DE BENAVIDES DE \u00d3RBIGO<\/strong><\/p>\n<p style=\"text-align: center;\"><strong>\u00a0<\/strong><\/p>\n<p style=\"text-align: center;\"><img loading=\"lazy\" decoding=\"async\" src=\"http:\/\/www.demusica.es\/media\/Foto%20puente%20romano%20Benavides.jpg\" alt=\"\" width=\"517\" height=\"260\" \/><\/p>\n<p><em>DIRECCI\u00d3N DE LA SEMANA MUSICAL <\/em><\/p>\n<p><em>ORQUESTA Y CORO &#8211; MART\u00cdN MART\u00cdNEZ BASTI\u00c1N &#8211; <\/em><\/p>\n<p><em><\/em>Titulado Superior en Viol\u00edn y M\u00fasica de C\u00e1mara por el Conservatorio Superior de M\u00fasica \u201cEduardo Mart\u00ednez Torner\u201c de Oviedo con los profesores A. Mihlin y T. Kvernadze. Fue miembro de la Orquesta Collegium Musicum, de la Joven Orquesta Sinf\u00f3nica del Principado de Asturias (JOSPA), Orquesta Sinf\u00f3nica del Conservatorio de Gij\u00f3n, Joven Orquesta Sinf\u00f3nica Vetusta (JOSVE) y Orquesta de C\u00e1mara del Conservatorio de Oviedo. Ha colaborado con la Orquesta sinf\u00f3nica Ciudad de Oviedo (OSCO) y la Orquesta Da Escola de M\u00fasica de Oporto. Ha trabajado como profesor en diferentes academias y Escuelas de M\u00fasica y dirigido varios coros infantiles.Actualmente es profesor de Viol\u00edn del Conservatorio Profesional del Occidente de Asturias (C.O.A.S.) y Profesor de Viol\u00edn y Conjunto Coral de la Escuela Municipal de M\u00fasica de Benavides de \u00d3rbigo as\u00ed como Director de la Escuela de M\u00fasica \u201cdemusica.es\u201d<\/p>\n<p><em>GUITARRA\/GRABACI\u00d3N &#8211; C\u00c9SAR LUIS BALB\u00cdN GARC\u00cdA &#8211; <\/em><\/p>\n<p>Titulado superior de Guitarra estudi\u00f3 en el Conservatorio Superior de M\u00fasica \u201cEduardo Mart\u00ednez Torner\u201d de Oviedo y en la Escuela de M\u00fasica Enrique Truh\u00e1n con los profesores Marcelino Garc\u00eda Sal y Manuel Gonz\u00e1lez. Ha impartido clases de m\u00fasica durante m\u00e1s de 15 a\u00f1os en distintos centros de Oviedo, Gij\u00f3n y Siero. Fue miembro del Coro de C\u00e1mara de Gij\u00f3n y es miembro actualmente de la Orquesta de C\u00e1mara de Gij\u00f3n.<\/p>\n<p>Es miembro de la Orquesta de C\u00e1mara de Gij\u00f3n y Jefe de Estudios de la <em>Escuela de M\u00fasica \u201cdemusica.es\u201d <\/em><\/p>\n<p><em>\u00a0 <\/em><\/p>\n<p><em>VIOL\u00cdN &#8211; JUAN CARLOS LARIA DE LA MAZA &#8211; <\/em><\/p>\n<p>Inicia los estudios de viol\u00edn y piano en la Escolan\u00eda de Nuestra Se\u00f1ora de Covadonga. Contin\u00faa en la Schola Cantorum \u201cCatedral de Le\u00f3n\u201d. En 1988 retorna a la Escolan\u00eda de Covadonga para hacerse cargo de su direcci\u00f3n hasta 1993.Estudia viol\u00edn con A.Ordieres, A. Vasiliev y A. Mihlin; piano con Pant\u00edn y M\u00fasica de C\u00e1mara con T. Kvernadze finalizando el grado superior de viol\u00edn y m\u00fasica de c\u00e1mara.Colabora con la OSCO, Milenium y Virtuosos de Mosc\u00fa. Es profesor de viol\u00edn en el Conservatorio Profesional de M\u00fasica \u201cValle del Nal\u00f3n\u201d.<\/p>\n<p><em>VIOLA Y VIOL\u00cdN &#8211; MARIA EUGENIA DE QUITANA SANCHO <\/em><\/p>\n<p>Titulada Superior en Viola, Viol\u00edn y M\u00fasica de C\u00e1mara en el Conservatorio Superior de M\u00fasica \u201cJuan Cris\u00f3stomo Arriaga\u201d de Bilbao. Realiz\u00f3 los cursos Ikas-M\u00fasika en los a\u00f1os 1992, 1994, 1995, y 1996; as\u00ed como tambi\u00e9n las ediciones IX a XIII del Curso Internacional de M\u00fasica de Llanes, Curso y Concurso Internacional de M\u00fasica de Zumaia, los Cursos de Musica de Motril y de Oviedo con los profesores Ayo, Malinski, Brila, Aguelova, Hevia, Thuan do Minh, Cortese, Valdivieso y Sulyga. Trabaj\u00f3 como profesora de Viol\u00edn y Viola en la Escuela Municipal de M\u00fasica \u201cEuterpe\u201d y en el Centro de Estudios Musicales \u201cNerea Bilbao\u201dde Portugalete. Colabora con la Orquesta Pablo Sarasate de Pamplona. En la actualidad es profesora de Viola en la Escuela Municipal de M\u00fasica \u201cBilboMusika\u201d en Bilbao y profesora sustituta en el Conservatorio Superior de M\u00fasica \u201cJuan Cris\u00f3stomo Arriaga\u201d de Bilbao.<\/p>\n<p><em>VIOLONCELLO \u2013 CRISTINA FERN\u00c1NDEZ MIGU\u00c9LEZ <\/em><\/p>\n<p>Titulada Profesional en Grado Medio en la especialidad de Violoncello en el Conservatorio Profesional de M\u00fasica Jos\u00e9 Castro Ovejero de Le\u00f3n. Inici\u00f3 sus estudios de violoncello a los 8 a\u00f1os en el Conservatorio \u00c1ngel Barja en Astorga (Le\u00f3n) con la profesora Inmaculada Requejo y tras realizar cursos con el profesor Ilia Kelin en Mondariz continu\u00f3 sus estudios de cello en el a\u00f1o 98 en el Conservatorio Jos\u00e9 Castro Ovejero de Le\u00f3n con la profesora Eva Mar\u00eda Rodr\u00edguez. En el a\u00f1o 2003 y 2004 realiz\u00f3 los cursos X y XI de m\u00fasica de verano \u00abCiudad de Astorga\u201d.Realiza diferentes cursos y participa en festivales como el d\u00e9cimo octavo festival de m\u00fasica espa\u00f1ola de Le\u00f3n<\/p>\n<p>Actualmente es profesora de violoncello en la Escuela Contrapunto de Le\u00f3n.<\/p>\n<p><em>PIANO \u2013 MARTA GARC\u00cdA TEIJIDO <\/em><\/p>\n<p>Titulada Superior en Piano,M\u00fasica de C\u00e1mara, Solfeo y Acompa\u00f1amiento por el Conservatorio Superior de M\u00fasica de Oviedo (Asturias)obteniendo las m\u00e1s altas calificaciones. Postgrado en la Hochschule f\u00fcr Musik \u00abFranz Liszt\u00bb Weimar (Alemania). Ha realizado cursos de perfeccionamiento de piano con Lazar Bermann, Frederic Chiu, entre otros. Acompa\u00f1amiento de Lieder con\u00a0 D.Fischer-Dieskau. Realiza numerosos recitales como solista y M\u00fasica de C\u00e1mara. Colabora asiduamente con la OSPA y OSCO.\u00a0 Actualmente es pianista acompa\u00f1ante en el Conservatorio Superior de Oviedo. \u00a0 \u00a0<\/p>\n<p><em>PIANO &#8211; LUIS MIGUEL ABELLO &#8211; <\/em><\/p>\n<p>Licenciado superior en Piano y M\u00fasica de C\u00e1mara por el Conservatorio Superior de M\u00fasica de Salamanca.<\/p>\n<p>Se traslada a Austria donde realiza estudios de direcci\u00f3n obteniendo en 2004 el t\u00edtulo de Bakkalaureatstudium de Direcci\u00f3n de Orquesta y Direcci\u00f3n de Coro en la Universit\u00e4t f\u00fcr Musik de Graz, Austria. Desde 1992 ha sido alumno de Leonel Morales. Como pianista ha ofrecido recitales en importantes salas de la geograf\u00eda nacional e internacional. Ha dirigido numerosas agrupaciones como la Sinfonietta Orchestra, la Orquesta de C\u00e1mara de la Universidad de Graz, la Sinfonisches Bl\u00e4serorchester des KUG&#8230;.<\/p>\n<p><em>PIANO &#8211; CRISTINA D\u00cdAZ COSTALES <\/em><\/p>\n<p>T\u00edtulo Superior Profesora de Piano, Conservatorio Superior de M\u00fasica de Oviedo Eduardo Mart\u00ednez Torner. Estudiante en la actualidad del \u00faltimo curso de Magisterio en la especialidad de Educaci\u00f3n Musical, en la Universidad Pontificia Lu\u00eds Vives de Salamanca (Tutor\u00edas) . Estudiante de Flauta Travesera, cursado hasta tercer curso (plan 66) en el Conservatorio de M\u00fasica Eduardo Mart\u00ednez Torner de Oviedo. Realiza los cursos de piano impartidos por Amador Fern\u00e1ndez en los a\u00f1os 1997, 1998 y 2000. II y III Curso \u201cThe As\u00f3ciate Borrad of the Royal Schools of Music\u201d. Realiza cursos de \u201cinform\u00e1tica musical\u201d, \u201cTocar sano\u201d, Interpretaci\u00f3n y t\u00e9cnica del piano con Francisco J. Pant\u00edn. Ha trabajado en la Escuela de M\u00fasica Divertimento (Oviedo), en la E.Municipalde M\u00b4suica de Ribadesella, la Escuela de M\u00fasica de la Asociaci\u00f3n Cultural \u00abClave\u00bb de Cangas de On\u00eds.<\/p>\n<p>Desde el curso 2002, profesora en la Escuela de M\u00fasica de Le\u00f3n (actualmente se llama Contrapunto, centro oficial).<\/p>\n<p><em>FLAUTA TRAVESERA \u2013 JOSEFINA \u00c1LVAREZ GARC\u00cdA <\/em><\/p>\n<p>Titulada en la especialidad de Flauta en Grado Medio en el Conservatorio \u201cJos\u00e9 Castro Ovejero\u201d de Le\u00f3n. Realiz\u00f3 los cursos: Curso de flauta travesera impartido por Salvador Espasa, IX y X Curso Manuel Garijo celebrado en Segovia con los profesores Salvador Espasa, Eduardo Paus\u00e1, Gonzalo Manzanares y Eduardo Costa, Curso de flauta travesera impartido por Kate Hill. Particip\u00f3 en el VI y VII Ciclo de J\u00f3venes Interpretes celebrado en Le\u00f3n. Fu\u00e9 miembro de la coral Gumersindo de Azcarate y Capela Lauda y del coro joven de la Confederaci\u00f3n Coral Espa\u00f1ola (COACE). Realiz\u00f3 el curso intensivo de direcci\u00f3n coral impartido por Adolfo Gutierrez Viejo.<\/p>\n<p>Profesora de flauta travesera desde 2001 a 2005 y Directora de la coral de la Asociaci\u00f3n Cultural S. Claudio<\/p>\n<p><em>\u00a0 <\/em><\/p>\n<p><em>CLARINETE Y BANDA &#8211; JORGE L\u00d3PEZ GARC\u00cdA <\/em><\/p>\n<p>Realiza sus estudios de clarinete en el Conservatorio Profesional de M\u00fasica de Gij\u00f3n con Miguel Angel Torres y en el Conservatorio Eduardo Mart\u00ednez Torner con Alberto Ventimilla. Posteriormente acaba sus estudios de Bachellor en el Koninklijk Conservatorium de La Haya con Pierre Woudenberg y Tom Sieuwerts (clarinete bajo). Ha recibido clases de clarinete de Michelle Carulli, Sjef Douwes, Andreas Weisgerber, Jos\u00e9 Luis Estell\u00e9s, Charles Neidich, Nancy Braythwayth, Jos\u00e9 Vicente Pe\u00f1arrocha, Hans Colbers entre otros. Ha sido miembro de las orquestas del Conservatorio Profesional de m\u00fasica de Gij\u00f3n, J.O.S.P.A. y J.O.S.C.O. Vetusta, colaborando as\u00ed mismo con Orquesta de los Virtuosos de Mosc\u00fa, Orquesta New Millenium, Orquesta del Teatro Jovellanos de Gij\u00f3n, O.S.C.O., Resident Permit Orchestra y Koninklijk Conservatorium Orchestra entre otras. En cuanto a m\u00fasica contempor\u00e1nea ha participado los \u00faltimos tres a\u00f1os en el May Festival de La Haya con diversas formaciones, este mismo a\u00f1o particip\u00f3 en el Gaudeamus de \u00c1msterdam as\u00ed como ha participado en festivales de compositores como Steve Reich, Robert Ashley o Vinko Globokar . Ha sido miembro de los ensembles de m\u00fasica contempor\u00e1nea Gnosis, Ensemble Royaal, formando parte en la actualidad de los ensembles Arco 21 y Modelo 62.<\/p>\n<p><em>TROMPETA Y TROMPA \u2013 DANIEL DE LAS CUEVAS AR\u00c9VALO <\/em><\/p>\n<p>T\u00edtulo de Grado Medio en la especialidad de trompeta en el Conservatorio Provincial profesional de m\u00fasica de Le\u00f3n \u201cJos\u00e9 Castro Ovejero\u201d. Acceso y obtenci\u00f3n de 1\u00ba G. Superior en el Conservatorio de Oviedo. Clases de direcci\u00f3n a cargo del director de la Banda de Sah\u00fan, Curso de an\u00e1lisis de la obra de <em>Bartok y Prokofiev <\/em>impartido por Ram\u00f3n Sobrino S\u00e1nchez, Clases Magistrales de trompeta a cargo de Francisco Arias. Trompeta solista de la Banda Sinf\u00f3nica del Conservatorio de Le\u00f3n y de la Banda Sinf\u00f3nica del Certamen de M\u00fasica. Fue profesor de solfeo, trompeta y piano en la academia \u201cPentagrama\u201d. Actualmente es profesor de trompeta en la Escuela de M\u00fasica de Le\u00f3n (Contrapunto).<\/p>\n<p><em>PERCUSI\u00d3N &#8211; JU\u00c1N SEVERIANO V\u00cdVAS GARC\u00cdA <\/em><\/p>\n<p>Estudia en la Academia de m\u00fasica 2000, Academia de bater\u00eda Jos\u00e9 Bruno, Escuela de bater\u00eda Hard Drums (Madrid), Escuela de m\u00fasica moderna del ayuntamiento de Le\u00f3n. Realiza Master class en Madrid impartidas por los bater\u00edas: Paco Garc\u00eda, Salvador Niebla, I\u00f1aki Berroa y Angel Crespo. Clases con Pepe Sanchez y Marcelo Gebl\u00f3n. Tercer Seminario Internacional de Jazz de Madrid con los profesores Guillermo McGuill y Carlos Carli. Alterna el estudio de la Bater\u00eda con el estudio de la Percusi\u00f3n Afro-Latina, como el Yemb\u00e9, Congas, Pailas, Caj\u00f3n, Pequ\u00f1a Percusi\u00f3n y Caja Cl\u00e1sica. Ha formado parte como bater\u00eda de \u00abHoley \u00d1okla\u00bb, \u00abLos Frias\u00bb, \u00abCaterva\u00bb, \u00abCaf\u00e9 Wha?\u00bb. Orquesta \u00absol Naciente\u00bb, \u00abTop Lider\u00bb, \u00abSan Francisco\u00bb, \u00abKabulet\u00e9\u00bb, \u201cSeven\u201d, \u00aboscuros\u00bb y grupo \u00abEl Tr\u00edo\u00bb. Desde 1995 complementa el trabajo como bater\u00eda profesional con el de la ense\u00f1anza de la bater\u00eda y percusi\u00f3n en diferentes escuelas: Escuela Municipal de M\u00fasica y Danza de Valencia de Don Juan, Academia de M\u00fasica Contrapunto de Le\u00f3n, Talleres de percusi\u00f3n y Organizaci\u00f3n de Master Class para varias escuelas.<\/p>\n","protected":false},"excerpt":{"rendered":"<p>IV SEMANA MUSICAL DE BENAVIDES DE \u00d3RBIGO \u00a0 DIRECCI\u00d3N DE LA SEMANA MUSICAL ORQUESTA Y CORO &#8211; MART\u00cdN MART\u00cdNEZ BASTI\u00c1N &#8211; Titulado Superior en Viol\u00edn y M\u00fasica de C\u00e1mara por el Conservatorio Superior de M\u00fasica \u201cEduardo Mart\u00ednez Torner\u201c de Oviedo con los profesores A. Mihlin y T. Kvernadze. Fue miembro de la Orquesta Collegium Musicum,&#8230;<\/p>\n","protected":false},"author":2,"featured_media":0,"comment_status":"closed","ping_status":"open","sticky":false,"template":"","format":"standard","meta":{"_kad_post_transparent":"","_kad_post_title":"","_kad_post_layout":"","_kad_post_sidebar_id":"","_kad_post_content_style":"","_kad_post_vertical_padding":"","_kad_post_feature":"","_kad_post_feature_position":"","_kad_post_header":false,"_kad_post_footer":false,"_kad_post_classname":"","footnotes":""},"categories":[60],"tags":[],"class_list":["post-389","post","type-post","status-publish","format-standard","hentry","category-iv-semana-musical-de-benavides-de-orbigo"],"_links":{"self":[{"href":"https:\/\/www.demusica.es\/index.php?rest_route=\/wp\/v2\/posts\/389","targetHints":{"allow":["GET"]}}],"collection":[{"href":"https:\/\/www.demusica.es\/index.php?rest_route=\/wp\/v2\/posts"}],"about":[{"href":"https:\/\/www.demusica.es\/index.php?rest_route=\/wp\/v2\/types\/post"}],"author":[{"embeddable":true,"href":"https:\/\/www.demusica.es\/index.php?rest_route=\/wp\/v2\/users\/2"}],"replies":[{"embeddable":true,"href":"https:\/\/www.demusica.es\/index.php?rest_route=%2Fwp%2Fv2%2Fcomments&post=389"}],"version-history":[{"count":2,"href":"https:\/\/www.demusica.es\/index.php?rest_route=\/wp\/v2\/posts\/389\/revisions"}],"predecessor-version":[{"id":391,"href":"https:\/\/www.demusica.es\/index.php?rest_route=\/wp\/v2\/posts\/389\/revisions\/391"}],"wp:attachment":[{"href":"https:\/\/www.demusica.es\/index.php?rest_route=%2Fwp%2Fv2%2Fmedia&parent=389"}],"wp:term":[{"taxonomy":"category","embeddable":true,"href":"https:\/\/www.demusica.es\/index.php?rest_route=%2Fwp%2Fv2%2Fcategories&post=389"},{"taxonomy":"post_tag","embeddable":true,"href":"https:\/\/www.demusica.es\/index.php?rest_route=%2Fwp%2Fv2%2Ftags&post=389"}],"curies":[{"name":"wp","href":"https:\/\/api.w.org\/{rel}","templated":true}]}}