{"id":392,"date":"2011-10-17T22:00:56","date_gmt":"2011-10-17T20:00:56","guid":{"rendered":"http:\/\/www.demusica.es\/?p=392"},"modified":"2011-10-17T22:00:56","modified_gmt":"2011-10-17T20:00:56","slug":"v-semana-musical-de-benavides-de-orbigo","status":"publish","type":"post","link":"https:\/\/www.demusica.es\/?p=392","title":{"rendered":"V SEMANA MUSICAL DE BENAVIDES DE \u00d3RBIGO"},"content":{"rendered":"<p style=\"text-align: center;\"><strong>V SEMANA MUSICAL DE BENAVIDES DE \u00d3RBIGO<\/strong><\/p>\n<p><em><strong>Domingo 10 de Agosto de 2007<\/strong><\/em><\/p>\n<p><a href=\"http:\/\/www.demusica.es\/media\/p2pfiles\/DOMINGO%20DIA%2012%20DE%20AGOSTO%202007.pdf\">HORARIO DOMINGO<\/a><\/p>\n<p><a href=\"http:\/\/www.demusica.es\/media\/p2pfiles\/CONCIERTO%20FINAL%2012%20DE%20AGOSTO%20V%20SEMANA%20MUSICAL%20%201230%20HORAS.pdf\">CONCIERTO FINAL 12 DE AGOSTO V SEMANA MUSICAL <\/a><a href=\"file:\/\/\/F:\/Colgar%20Sabado\/DOMINGO%20DIA%2012%20DE%20AGOSTO%202007.pdf\">DOMINGO DIA 12,30 HORAS<\/a><\/p>\n<p><a href=\"http:\/\/www.demusica.es\/media\/p2pfiles\/Benavides2007_Concierto_Domingo.zip\">GRABACIONES DEL CONCIERTO FINAL 12 DE AGOSTO EN MP3<\/a><\/p>\n<p><strong><em>S\u00e1bado 10 de Agosto de 2007<\/em><\/strong><\/p>\n<p><a href=\"http:\/\/www.demusica.es\/media\/p2pfiles\/SABADO%20DIA%2011%20DE%20AGOSTO%202007.pdf\">HORARIO S\u00c1BADO <\/a><\/p>\n<p><a href=\"http:\/\/www.demusica.es\/media\/p2pfiles\/Audicion%20SABADO%2011%20DE%20AGOSTO%20%20%202000%20HORAS.pdf\">Audici\u00f3n S\u00c1BADO 11 DE AGOSTO 20,00 HORAS<\/a><a href=\"file:\/\/\/F:\/Colgar%20Sabado\/Audicion%20SABADO%2011%20DE%20AGOSTO%20%20%2022,00%20HORAS.pdf\"><\/a><\/p>\n<p><a href=\"http:\/\/www.demusica.es\/media\/p2pfiles\/Audicion%20SABADO%2011%20DE%20AGOSTO%20%20%202200%20HORAS.pdf\">Audici\u00f3n S\u00c1BADO 11 DE AGOSTO 22,00 HORAS<\/a><\/p>\n<p><strong><em>Viernes 10 de Agosto de 2007<\/em><\/strong><\/p>\n<p><a href=\"http:\/\/www.demusica.es\/media\/p2pfiles\/VIERNES%20DIA%2010%20DE%20AGOSTO%202007.pdf\">HORARIO VIERNES<\/a><\/p>\n<p><strong>Viernes&#8230;.., al final del d\u00eda acabamos agotados\u2026. <\/strong><\/p>\n<p><strong>El d\u00eda comenz\u00f3 con las clases de instrumento para que a partir de las 12:30 nos esperar ala piscina\u2026 <\/strong><\/p>\n<p><strong>\u00a0 <\/strong><\/p>\n<p><strong>Los ni\u00f1os ya comienzan a tener sus obras preparadas pues ya estamos en lo \u00faltimo de la Semana Musical. <\/strong><\/p>\n<p><strong>\u00a0 <\/strong><\/p>\n<p><strong>Los ensayos, a cualquier hora y en cualquier momento, est\u00e1n a la orden del d\u00eda. As\u00ed, despu\u00e9s de comer y descansar, los ensayos de M\u00fasica de C\u00e1mara, Coro, Orquesta, Conjunto de viento y Taller de Jazz y Folk, nos llevaron a las 19:30 en que una vez que se terminaron todas las clases, hicimos una Gincana por el colegio y las calles m\u00e1s pr\u00f3ximas de Benavides. Cansados y con hambre, despu\u00e9s de que el grupo ganador fuera el equipo negro, nos comimos unas pizzas que estaban riqu\u00edsimas\u2026. <\/strong><\/p>\n<p style=\"text-align: right;\"><strong>Un saludo a todos desde Benavides <\/strong><\/p>\n<p style=\"text-align: right;\"><strong>Profesores y Monitores de la <\/strong><strong>Semana Musical de Benavides <\/strong><\/p>\n<p><strong><em>Jueves 9 de Agosto de 2007<\/em><\/strong><\/p>\n<p><a href=\"http:\/\/www.demusica.es\/media\/p2pfiles\/JUEVES%20DIA%209%20DE%20AGOSTO%202007.pdf\">HORARIO JUEVES<\/a><\/p>\n<p><strong>El jueves, ha sido un d\u00eda trepidante\u2026. <\/strong><\/p>\n<p><strong>Tras haber dado las primeras clases, a las 11:00 paralizamos todas las clases para organizar los grupos de M\u00fasica en la Calle. A las 12:00 todos los alumnos y profesores y alumnos est\u00e1bamos distribuidos en tres lugares del Mercado del os Jueves de Benavides. <\/strong><\/p>\n<p><strong>Viento por un lado, Cuerda por otro y Guitarras, Percusi\u00f3n y Piano en otro. La verdad es que la gente estaba encantada de todo l oque escuchaban y ve\u00edan\u2026 Tanto que hasta llegaron a dar dinero a los chicos. <\/strong><\/p>\n<p><strong>Despu\u00e9s de dar un verdadero espect\u00e1culo de improvisaci\u00f3n de ritmos, guitarras y violines, nos fuimos a la piscina\u2026.All\u00ed comimos y luego el grupo IV realiz\u00f3 all\u00ed mismo el Taller de Musicoterapia. <\/strong><\/p>\n<p><strong>Tras los ensayos de Orquesta y Conjunto de Viento ye l ensayo del Taller de Jazz y Folk\u2026. A descansar\u2026. <\/strong><\/p>\n<p><strong>Esto no camina, vuela\u2026\u2026\u2026.. <\/strong><\/p>\n<p style=\"text-align: right;\"><strong>\u00a0<\/strong><strong>Un saludo a todos desde Benavides <\/strong><\/p>\n<p style=\"text-align: right;\"><strong>\u00a0 <\/strong><strong>Profesores y Monitores de la <\/strong><strong>Semana Musical de Benavides <\/strong><\/p>\n<p style=\"text-align: right;\"><strong>\u00a0<\/strong><\/p>\n<p><strong><em>Miercoles 8 de Agosto de 2007<\/em><\/strong><\/p>\n<p><a href=\"http:\/\/www.demusica.es\/media\/p2pfiles\/MIERCOLES%20DIA%208%20DE%20AGOSTO.pdf\">HORARIO MIERCOLES<\/a><\/p>\n<p><strong>Ya estamos en jueves, ayer mi\u00e9rcoles, ya luci\u00f3 el sol de verano de Le\u00f3n. <\/strong><\/p>\n<p><strong>Ayer como siempre, nos pasamos toda la ma\u00f1ana con clases, los chicos ya tienen poco apoco el concepto de estudiar un poco todos los d\u00edas, se vana cercando los conciertos y actuaciones. <\/strong><\/p>\n<p><strong>Nos fuimos a la piscina a las 12:30 para disfrutar un poco del aguay del sol. A las 2:30, a comer y despu\u00e9s, el tercer grupo de Musicoterapia, se fue de 3.30 a 4,30 con su profesora. <\/strong><\/p>\n<p><strong>Despu\u00e9s del\u00a0las clases de c\u00e1mara, el coro que ya va sonando y la orquesta y el conjunto de viento que, donde ya vemos que los chicos est\u00e1n estudiando y que se van montando las obras. <\/strong><\/p>\n<p><strong>Despu\u00e9s, un peque\u00f1o partido y unos ensayos del taller de Jazz y Folk en los que y ase est\u00e1n grabando cosas\u2026. <\/strong><\/p>\n<p><strong>Luego la cena y a descasar un poco al parque\u2026. <\/strong><\/p>\n<p><strong>Estamos en pleno jaleo\u2026.<\/strong><\/p>\n<p style=\"text-align: right;\"><strong>Un saludo a todos desde Benavides <\/strong><\/p>\n<p style=\"text-align: right;\"><strong>Profesores y Monitores de la <\/strong><strong>Semana Musical de Benavides<\/strong><\/p>\n<p><strong><em>Martes 7 de Agosto de 2007<\/em><\/strong><\/p>\n<p><a href=\"http:\/\/www.demusica.es\/media\/p2pfiles\/MARTES%20DIA%207%20DE%20AGOSTO%202007%20%20Horarios%20Generales.pdf\">HORARIO MARTES<\/a><\/p>\n<p><strong>Despu\u00e9s del a tormenta del anoche, el martes nos hemos puesto en marcha a las 8 de la ma\u00f1ana. Comenzando con las clases de instrumento y aunque el tiempo en principio parec\u00eda que no acompa\u00f1aba, nos fuimos a la piscina. All\u00ed mismo, a las dos y media nos ha llegado la comida y con sol hemos comido unos bocadillos. <\/strong><\/p>\n<p><strong>Pensamos que con lo bien que all\u00ed est\u00e1bamos, porque no realizar all\u00ed mismo en la piscina, cerca de unos \u00e1rboles nuestro taller de Musicoterapia, que en este caso les tocaba a los alumnos de 10 y 11 a\u00f1os. <\/strong><\/p>\n<p><strong>Despu\u00e9s y anos trasladamos al colegio y el resto de la tarde se ha dedicado a realizar las clases colectivas de Coro, Orquesta, Piano Colectivo y Conjunto de viento y el Taller de Jazz y Folk. <\/strong><\/p>\n<p><strong>Despu\u00e9s de esto y de descansar un poco, la cena a las 9,30 y luego algunos juegos, cartas (vaya risas\u2026) etc\u2026. <\/strong><\/p>\n<p><strong>Va todo viento en popa\u2026. <\/strong><\/p>\n<p style=\"text-align: right;\"><strong>Un saludo a todos desde Benavides <\/strong><\/p>\n<p style=\"text-align: right;\"><strong>Profesores y Monitores de la <\/strong><strong>Semana Musical de Benavides <\/strong><\/p>\n<p>\u00a0<\/p>\n<p><strong><em>Lunes 6 de Agosto de 2007<\/em><\/strong><\/p>\n<p><a href=\"http:\/\/www.demusica.es\/media\/p2pfiles\/LUNES%20DIA%206%20DE%20AGOSTO%202007%20%20Horarios%20Generales%20de%20la%20V%20Semana%20Musical.pdf\">HORARIO LUNES<\/a><\/p>\n<p><strong>Desde la Semana Musical, saludamos a todos, padres amigos y dem\u00e1s familiares delos alumnos\/as matriculados. <\/strong><\/p>\n<p><strong>La ma\u00f1ana del primer d\u00eda ha sido de toma de contacto entre alumnos y profesores, unos y otros nos hemos conocido y hemos comenzado el trabajo del as clases. <\/strong><\/p>\n<p><strong>Tras la piscina y la comida hemos realizado el taller de Musicoterapia con los m\u00e1s peque\u00f1os que ha funcionado muy bien, y despu\u00e9s, la tarde se ha dedicado a realizar las clases colectivas de Coro, Orquesta, Piano Colectivo y Conjunto de viento\u2026 <\/strong><\/p>\n<p><strong>En las \u00faltimas horas de la tarde no existe mejor cosa para finalizar el d\u00eda que el Taller de Jazz y Folk.<\/strong><\/p>\n<p style=\"text-align: right;\"><strong>Un saludo a todos desde Benavides <\/strong><\/p>\n<p style=\"text-align: right;\"><strong>Profesores y Monitores de la <\/strong><strong>Semana Musical de Benavides <\/strong><\/p>\n<p style=\"text-align: center;\"><a href=\"http:\/\/www.demusica.es\/media\/Horario_2007.doc\">HORARIO SEMANA MUSICAL<\/a><a href=\"http:\/\/www.demusica.es\/media\/p2pfiles\/Triptico_V_Semana_Musical_de_Benavides.pdf\"><\/p>\n<p>Tr\u00edptico de la V Semana Musical de Benavides (Agosto 2007) <\/a><\/p>\n<p style=\"text-align: center;\"><a href=\"http:\/\/www.demusica.es\/10471\/10498\/15112.html\">CV de los Profesores de la V Semana Musical<\/a><\/p>\n<p>El Ayuntamiento de Benavides de \u00d3rbigo y su Escuela de M\u00fasica , presenta todos los veranos\u00a0la\u00a0<strong>Semana de M\u00fasica de Benavides de \u00d3rbigo , que este a\u00f1o, ser\u00e1 del 5 al 12 de agosto de 2007<\/strong>.<\/p>\n<p>Estos d\u00edas de m\u00fasica , naturaleza y convivencia , est\u00e1n dirigidos a alumnos\u00a0 que cursen con su instrumento de forma oficial o no estudios de Grado Elemental y Medio , as\u00ed como para alumnos que quieran iniciarse en la m\u00fasica a trav\u00e9s de nuestras actividades de m\u00fasica y movimiento ( a los que llamaremos Alumnos de Iniciaci\u00f3n ).<\/p>\n<p style=\"text-align: center;\">\u00a0<\/p>\n<p style=\"text-align: center;\"><img loading=\"lazy\" decoding=\"async\" class=\"aligncenter\" src=\"http:\/\/www.demusica.es\/media\/Orquesta%20y%20Coro%20%20III%20semana%20Musical%20de%20Benavides.jpg\" alt=\"\" width=\"504\" height=\"403\" \/><\/p>\n<p>A lo largo de estos d\u00edas, los alumnos de estas jornadas musicales, adem\u00e1s de las cuatro clases individuales que recibir\u00e1n de su profesor, clases y ensayos de los grupos de M\u00fasica de C\u00e1mara,\u00a0 Orquesta y Coro, <strong>participar\u00e1n en todas las actividades que los monitores y profesores desarrollar\u00e1n<\/strong>, siendo estas,\u00a0 actividades l\u00fadicas tales como concursos, juegos y excursiones etc&#8230; sin faltar por supuesto todos los actos musicales como conciertos de alumnos , audiciones al aire libre y conciertos de profesores que tendr\u00e1n lugar en los tres \u00faltimos d\u00edas .<\/p>\n<p>Para todas las <strong>actividades extramusicales<\/strong> tenemos al lado de nuestra Escuela de M\u00fasica un campo de f\u00fatbol, piscina, un parque y espacio libre de para descanso y esparcimiento de nuestros chicos.<\/p>\n<p style=\"text-align: center;\">\u00a0<\/p>\n<p style=\"text-align: center;\"><img loading=\"lazy\" decoding=\"async\" class=\"aligncenter\" src=\"http:\/\/www.demusica.es\/media\/Campo%20de%20Futbol%20de%20Benavides.JPG\" alt=\"\" width=\"300\" height=\"225\" \/><\/p>\n<p style=\"text-align: center;\"><img loading=\"lazy\" decoding=\"async\" class=\"aligncenter\" src=\"http:\/\/www.demusica.es\/media\/img9.jpg\" alt=\"\" width=\"300\" height=\"226\" \/><\/p>\n<p style=\"text-align: center;\"><img loading=\"lazy\" decoding=\"async\" src=\"http:\/\/www.demusica.es\/media\/Zona%20de%20Juegos.%20Parque%20infantil%20de%20Benavides%20I.JPG\" alt=\"\" width=\"300\" height=\"225\" \/><\/p>\n<p>\u00a0<\/p>\n<p>Las clases, ensayos y todas las actividades que se desarrollen as\u00ed como nuestro centro de trabajo ser\u00e1 en la Escuela Municipal De M\u00fasica de Benavides de \u00d3rbigo. <strong>El \u00e9xito de este curso est\u00e1 avalado por los datos<\/strong>, totalmente objetivos, de los 4 primeros a\u00f1os de vida de este curso. Los puede descargar en este link:<\/p>\n<p style=\"text-align: center;\"><a href=\"http:\/\/www.demusica.es\/media\/p2pfiles\/Datos_Semana_Musical_de_Benavides_de_Orbigo.pdf\">Resultados de la Semana de M\u00fasica de Benavides (LEON)<\/a><\/p>\n","protected":false},"excerpt":{"rendered":"<p>V SEMANA MUSICAL DE BENAVIDES DE \u00d3RBIGO Domingo 10 de Agosto de 2007 HORARIO DOMINGO CONCIERTO FINAL 12 DE AGOSTO V SEMANA MUSICAL DOMINGO DIA 12,30 HORAS GRABACIONES DEL CONCIERTO FINAL 12 DE AGOSTO EN MP3 S\u00e1bado 10 de Agosto de 2007 HORARIO S\u00c1BADO Audici\u00f3n S\u00c1BADO 11 DE AGOSTO 20,00 HORAS Audici\u00f3n S\u00c1BADO 11 DE&#8230;<\/p>\n","protected":false},"author":2,"featured_media":0,"comment_status":"closed","ping_status":"open","sticky":false,"template":"","format":"standard","meta":{"_kad_post_transparent":"","_kad_post_title":"","_kad_post_layout":"","_kad_post_sidebar_id":"","_kad_post_content_style":"","_kad_post_vertical_padding":"","_kad_post_feature":"","_kad_post_feature_position":"","_kad_post_header":false,"_kad_post_footer":false,"_kad_post_classname":"","footnotes":""},"categories":[61],"tags":[],"class_list":["post-392","post","type-post","status-publish","format-standard","hentry","category-v-semana-musical-de-benavides-de-orbigo"],"_links":{"self":[{"href":"https:\/\/www.demusica.es\/index.php?rest_route=\/wp\/v2\/posts\/392","targetHints":{"allow":["GET"]}}],"collection":[{"href":"https:\/\/www.demusica.es\/index.php?rest_route=\/wp\/v2\/posts"}],"about":[{"href":"https:\/\/www.demusica.es\/index.php?rest_route=\/wp\/v2\/types\/post"}],"author":[{"embeddable":true,"href":"https:\/\/www.demusica.es\/index.php?rest_route=\/wp\/v2\/users\/2"}],"replies":[{"embeddable":true,"href":"https:\/\/www.demusica.es\/index.php?rest_route=%2Fwp%2Fv2%2Fcomments&post=392"}],"version-history":[{"count":2,"href":"https:\/\/www.demusica.es\/index.php?rest_route=\/wp\/v2\/posts\/392\/revisions"}],"predecessor-version":[{"id":394,"href":"https:\/\/www.demusica.es\/index.php?rest_route=\/wp\/v2\/posts\/392\/revisions\/394"}],"wp:attachment":[{"href":"https:\/\/www.demusica.es\/index.php?rest_route=%2Fwp%2Fv2%2Fmedia&parent=392"}],"wp:term":[{"taxonomy":"category","embeddable":true,"href":"https:\/\/www.demusica.es\/index.php?rest_route=%2Fwp%2Fv2%2Fcategories&post=392"},{"taxonomy":"post_tag","embeddable":true,"href":"https:\/\/www.demusica.es\/index.php?rest_route=%2Fwp%2Fv2%2Ftags&post=392"}],"curies":[{"name":"wp","href":"https:\/\/api.w.org\/{rel}","templated":true}]}}