{"id":395,"date":"2011-10-17T22:40:16","date_gmt":"2011-10-17T20:40:16","guid":{"rendered":"http:\/\/www.demusica.es\/?p=395"},"modified":"2011-10-17T22:40:16","modified_gmt":"2011-10-17T20:40:16","slug":"vii-semana-musical-de-benavides-de-orbigo","status":"publish","type":"post","link":"https:\/\/www.demusica.es\/?p=395","title":{"rendered":"VII Semana Musical de Benavides de \u00d3rbigo"},"content":{"rendered":"<div style=\"text-align: center;\">\n<div style=\"text-align: left;\"><big>7\u00aa Semana Musical de Benavides de \u00d3rbigo<\/p>\n<p><\/big><big><strong><em>Domingo 9 de Agosto<\/em><\/strong><\/big><\/div>\n<div style=\"text-align: center;\"><big><strong><em><\/p>\n<p><\/em><\/strong><\/big><\/p>\n<div style=\"text-align: center;\"><big><img decoding=\"async\" src=\"http:\/\/www.demusica.es\/media\/Cartel_Concierto_Final_VII_Semana_Benavides.jpg\" alt=\"Cartel\" \/><\/p>\n<p><img decoding=\"async\" src=\"http:\/\/www.demusica.es\/media\/Programa_Concierto_Final_VII_Semana_Benavides.jpg\" alt=\"Programa\" \/><br \/>\n<\/big><\/div>\n<p><big><\/p>\n<div style=\"text-align: left;\">\n<\/div>\n<p><\/big><a href=\"http:\/\/www.demusica.es\/media\/p2pfiles\/Programa%20VII%20Semana%20Musical%20CONCIERTO%20FINAL%20DOMINGO.pdf\"><big>Programa del Concierto Final<\/big><\/a><big><\/p>\n<p><\/big><a href=\"http:\/\/www.demusica.es\/media\/p2pfiles\/Domingo_VII_Semana_Musical.mp3\"><big>Grabaciones del Concierto Final, realizadas por los alumos de la asignatura de Grabaci\u00f3n<\/big><\/a><big><\/p>\n<p><\/big><\/p>\n<div><strong><em><big>S\u00e1bado 8 de Agosto<\/big><br \/>\n<big><\/big><br \/>\n<big><\/big><\/em><\/strong><\/p>\n<div>Adem\u00e1s de las clases, ensayos, etc&#8230; seguimos con las grabaciones y con los preparativos de las audiciones del d\u00eda de hoy. Sin olvidar, claro, el d\u00eda grande, que es ma\u00f1ana, con el concierto final.<\/p>\n<p>En el link que sigue, se pude descargar los\u00a0programas.<\/p>\n<p>Les recordamos que las audiciones de dividen en dos partes, una que comienza a las 20:00, y la segunda a las 22:00. Los enlaces para descargar los pdf con lo programas son las siguientes.<\/p><\/div>\n<p><a href=\"http:\/\/www.demusica.es\/media\/p2pfiles\/Programa%20VII%20Semana%20Musical%20CONCIERTO%20SABADO%20I.pdf\">Programa de las audiciones de las 20:00<\/a><\/p>\n<p><a href=\"http:\/\/www.demusica.es\/media\/p2pfiles\/Programa%20VII%20Semana%20Musical%20CONCIERTO%20SABADO%20II.pdf\">Programa de las audiciones de las 22:00<\/a><\/p>\n<p><a href=\"http:\/\/www.demusica.es\/media\/p2pfiles\/Sabado_I_VII_Semana_Musical.mp3\"><br \/>\n<\/a><\/p>\n<div><big><a href=\"http:\/\/www.demusica.es\/media\/p2pfiles\/Sabado_I_VII_Semana_Musical.mp3\">Grabaciones de las Audiciones de las 20:00, realizadas por los alumos de la asignatura de Grabaci\u00f3n<\/a><br \/>\n<a href=\"http:\/\/www.demusica.es\/media\/p2pfiles\/Sabado_II_VII_Semana_Musical.mp3\"><br \/>\n<\/a><\/big><a href=\"http:\/\/www.demusica.es\/media\/p2pfiles\/Sabado_II_VII_Semana_Musical.mp3\"><big>Grabaciones de las Audiciones de las 22:00, realizadas por los alumos de la asignatura de Grabaci\u00f3n<\/big><\/a><\/div>\n<\/div>\n<div><big><\/p>\n<p><strong><em>Viernes 7 de Agosto<\/em><\/strong><\/big><br \/>\n<big><\/big><br \/>\n<big><\/big><\/p>\n<div>Despu\u00e9s de los cont\u00ednuos ensayos, clases y grabaciones, los alumnos dispondr\u00e1n en el d\u00eda de hoy un peque\u00f1o descanso, asistiendo por la noche a un concierto docente de Jazz, impartido por una agrupaci\u00f3n local.<\/div>\n<\/div>\n<p><big><\/p>\n<p><\/big><\/p>\n<div><big><strong><em>Jueves 6 de Agosto<\/em><\/strong><\/p>\n<p><\/big><\/p>\n<div>Para el d\u00eda de hoy, aparte de las clases seg\u00fan horario, tenemos una actividad al aire libre, que consiste en dar conciertos en varios puntos de Benavides por parte de los alumnos del curso.<small><\/p>\n<p><\/small><big><small>Esta actividad coincide con la celebraci\u00f3n del mercado semanal, por lo que la expectaci\u00f3n de los alumnos ante la masiva afluencia de p\u00fablico es total.<\/p>\n<p>En la parte docente,\u00a0esta actividad est\u00e1 enfocada desde el punto de vista del desarrollo de la puesta en escena de los m\u00fasicos ante sus conciertos. Por otra parte, y sin previo aviso, los profesores iniciar\u00e1n una secuencia de improvisaci\u00f3n en un tono, y seguir\u00e1n con una modulaci\u00f3n (cambios de tonos), invitando a los alumnos a que improvisen en sus escalas correpondientes. <\/small><\/p>\n<p><\/big><\/div>\n<p><big><br \/>\n<\/big><\/p>\n<div><big>*********<\/big><\/div>\n<p><big><br \/>\n<\/big><\/p>\n<div><big>\u00a0<\/big><\/div>\n<p style=\"text-align: center;\"><img decoding=\"async\" src=\"http:\/\/www.demusica.es\/media\/Horario_VII_Semana_Musical.jpg\" alt=\"Horario_VII_Semana_Musical\" \/><\/p>\n<\/div>\n<p><big><br \/>\n<\/big><big><a href=\"http:\/\/www.demusica.es\/media\/p2pfiles\/HORARIO_GENERAL_VII_SEMANA_MUSICAL.pdf\">Horario en pdf<\/a><\/big><big><\/p>\n<p>**********<br \/>\n<\/big><br \/>\n<big>Del 3 al 9 de Agosto de 2009<\/big><\/p>\n<p><big>M\u00e1s informaci\u00f3n: <\/big><br \/>\n<big>cursos@demusica.es<\/big><\/p>\n<p><big><a href=\"http:\/\/www.demusica.es\/media\/p2pfiles\/Triptico_VII_Semana_Musical_de_Benavides.pdf\">Tr\u00edptico VII Semana Musical de Benavides<\/a><\/big><\/p>\n<p><big><a href=\"http:\/\/www.demusica.es\/media\/p2pfiles\/Curriculum_Profesores_VII_Semana_Musical_de_Benavides.pdf\">Curriculum Profesores<\/a><\/big><\/div>\n<\/div>\n<pre><big>\r\n<\/big><\/pre>\n<div style=\"text-align: center;\"><big><img decoding=\"async\" src=\"http:\/\/www.demusica.es\/media\/Cartel_7_Semana_Benavides.jpg\" alt=\"Cartel_7_Semana_Musical_Benavides\" \/><\/big><\/div>\n","protected":false},"excerpt":{"rendered":"<p>7\u00aa Semana Musical de Benavides de \u00d3rbigo Domingo 9 de Agosto Programa del Concierto Final Grabaciones del Concierto Final, realizadas por los alumos de la asignatura de Grabaci\u00f3n S\u00e1bado 8 de Agosto Adem\u00e1s de las clases, ensayos, etc&#8230; seguimos con las grabaciones y con los preparativos de las audiciones del d\u00eda de hoy. Sin olvidar,&#8230;<\/p>\n","protected":false},"author":2,"featured_media":0,"comment_status":"closed","ping_status":"open","sticky":false,"template":"","format":"standard","meta":{"_kad_post_transparent":"","_kad_post_title":"","_kad_post_layout":"","_kad_post_sidebar_id":"","_kad_post_content_style":"","_kad_post_vertical_padding":"","_kad_post_feature":"","_kad_post_feature_position":"","_kad_post_header":false,"_kad_post_footer":false,"_kad_post_classname":"","footnotes":""},"categories":[63],"tags":[],"class_list":["post-395","post","type-post","status-publish","format-standard","hentry","category-vii-semana-musical-de-benavides-de-orbigo"],"_links":{"self":[{"href":"https:\/\/www.demusica.es\/index.php?rest_route=\/wp\/v2\/posts\/395","targetHints":{"allow":["GET"]}}],"collection":[{"href":"https:\/\/www.demusica.es\/index.php?rest_route=\/wp\/v2\/posts"}],"about":[{"href":"https:\/\/www.demusica.es\/index.php?rest_route=\/wp\/v2\/types\/post"}],"author":[{"embeddable":true,"href":"https:\/\/www.demusica.es\/index.php?rest_route=\/wp\/v2\/users\/2"}],"replies":[{"embeddable":true,"href":"https:\/\/www.demusica.es\/index.php?rest_route=%2Fwp%2Fv2%2Fcomments&post=395"}],"version-history":[{"count":2,"href":"https:\/\/www.demusica.es\/index.php?rest_route=\/wp\/v2\/posts\/395\/revisions"}],"predecessor-version":[{"id":397,"href":"https:\/\/www.demusica.es\/index.php?rest_route=\/wp\/v2\/posts\/395\/revisions\/397"}],"wp:attachment":[{"href":"https:\/\/www.demusica.es\/index.php?rest_route=%2Fwp%2Fv2%2Fmedia&parent=395"}],"wp:term":[{"taxonomy":"category","embeddable":true,"href":"https:\/\/www.demusica.es\/index.php?rest_route=%2Fwp%2Fv2%2Fcategories&post=395"},{"taxonomy":"post_tag","embeddable":true,"href":"https:\/\/www.demusica.es\/index.php?rest_route=%2Fwp%2Fv2%2Ftags&post=395"}],"curies":[{"name":"wp","href":"https:\/\/api.w.org\/{rel}","templated":true}]}}