{"id":398,"date":"2011-10-18T23:41:25","date_gmt":"2011-10-18T21:41:25","guid":{"rendered":"http:\/\/www.demusica.es\/?p=398"},"modified":"2011-10-18T23:41:25","modified_gmt":"2011-10-18T21:41:25","slug":"semana-musical-de-carrizo-de-la-ribera","status":"publish","type":"post","link":"https:\/\/www.demusica.es\/?p=398","title":{"rendered":"SEMANA MUSICAL DE CARRIZO DE LA RIBERA"},"content":{"rendered":"<p style=\"text-align: center;\">\u00a0<\/p>\n<p style=\"text-align: center;\"><strong>SEMANA MUSICAL DE CARRIZO DE LA RIBERA<\/strong><\/p>\n<p style=\"text-align: center;\"><img loading=\"lazy\" decoding=\"async\" src=\"https:\/\/fbcdn-profile-a.akamaihd.net\/hprofile-ak-snc4\/276831_142595905825058_2208755_n.jpg\" alt=\"\" width=\"231\" height=\"279\" \/><\/p>\n<table>\n<tbody>\n<tr>\n<td>\n<div>La Semana de M\u00fasica, este a\u00f1o, se traslada a Carrizo de la Ribera. Tendr\u00e1 lugar entre las fechas 8 al 12 de Agosto de 2011.<br \/>\nDebido al inter\u00e9s de muchos de los alumnos\/as de veranos anteriores, hemos pensado en organizar, aunque sea de una forma un tanto r\u00e1pida, unos d\u00edas de m\u00fasica y convivencia, agrupaciones y ensayos, actuaciones y diversi\u00f3n.<br \/>\nLa organizaci\u00f3n de la Semana Musical, mismo correr\u00e1 a cargo de la Asociaci\u00f3n Cultural \u201cDEMUSICA\u201d siendo sus responsables D. Mart\u00edn Mart\u00ednez (Director) y D. C\u00e9sar Balb\u00edn (Jefe de Estudios). Ambos profesores, nos encargaremos de realizar las clases y ensayos durante estos d\u00edas, buscando que sea lo principal el disfrute de la m\u00fasica y de la convivencia entre los alumnos\/as que participen en estos d\u00edas.<\/div>\n<\/td>\n<\/tr>\n<\/tbody>\n<\/table>\n<p style=\"text-align: center;\"><img loading=\"lazy\" decoding=\"async\" class=\"aligncenter\" src=\"https:\/\/fbcdn-sphotos-a.akamaihd.net\/hphotos-ak-snc6\/s320x320\/284810_2246480278331_1137895867_3247202_5966412_n.jpg\" alt=\"\" width=\"159\" height=\"225\" \/><\/p>\n","protected":false},"excerpt":{"rendered":"<p>\u00a0 SEMANA MUSICAL DE CARRIZO DE LA RIBERA La Semana de M\u00fasica, este a\u00f1o, se traslada a Carrizo de la Ribera. Tendr\u00e1 lugar entre las fechas 8 al 12 de Agosto de 2011. Debido al inter\u00e9s de muchos de los alumnos\/as de veranos anteriores, hemos pensado en organizar, aunque sea de una forma un tanto&#8230;<\/p>\n","protected":false},"author":2,"featured_media":0,"comment_status":"closed","ping_status":"open","sticky":false,"template":"","format":"standard","meta":{"_kad_post_transparent":"","_kad_post_title":"","_kad_post_layout":"","_kad_post_sidebar_id":"","_kad_post_content_style":"","_kad_post_vertical_padding":"","_kad_post_feature":"","_kad_post_feature_position":"","_kad_post_header":false,"_kad_post_footer":false,"_kad_post_classname":"","footnotes":""},"categories":[65],"tags":[],"class_list":["post-398","post","type-post","status-publish","format-standard","hentry","category-semana-musical-de-carrizo-de-la-ribera"],"_links":{"self":[{"href":"https:\/\/www.demusica.es\/index.php?rest_route=\/wp\/v2\/posts\/398","targetHints":{"allow":["GET"]}}],"collection":[{"href":"https:\/\/www.demusica.es\/index.php?rest_route=\/wp\/v2\/posts"}],"about":[{"href":"https:\/\/www.demusica.es\/index.php?rest_route=\/wp\/v2\/types\/post"}],"author":[{"embeddable":true,"href":"https:\/\/www.demusica.es\/index.php?rest_route=\/wp\/v2\/users\/2"}],"replies":[{"embeddable":true,"href":"https:\/\/www.demusica.es\/index.php?rest_route=%2Fwp%2Fv2%2Fcomments&post=398"}],"version-history":[{"count":2,"href":"https:\/\/www.demusica.es\/index.php?rest_route=\/wp\/v2\/posts\/398\/revisions"}],"predecessor-version":[{"id":400,"href":"https:\/\/www.demusica.es\/index.php?rest_route=\/wp\/v2\/posts\/398\/revisions\/400"}],"wp:attachment":[{"href":"https:\/\/www.demusica.es\/index.php?rest_route=%2Fwp%2Fv2%2Fmedia&parent=398"}],"wp:term":[{"taxonomy":"category","embeddable":true,"href":"https:\/\/www.demusica.es\/index.php?rest_route=%2Fwp%2Fv2%2Fcategories&post=398"},{"taxonomy":"post_tag","embeddable":true,"href":"https:\/\/www.demusica.es\/index.php?rest_route=%2Fwp%2Fv2%2Ftags&post=398"}],"curies":[{"name":"wp","href":"https:\/\/api.w.org\/{rel}","templated":true}]}}