{"id":463,"date":"2011-11-05T11:20:55","date_gmt":"2011-11-05T09:20:55","guid":{"rendered":"http:\/\/www.demusica.es\/?p=463"},"modified":"2011-12-11T21:49:08","modified_gmt":"2011-12-11T19:49:08","slug":"concierto-para-violin-de-felix-mendelssohn","status":"publish","type":"post","link":"https:\/\/www.demusica.es\/?p=463","title":{"rendered":"Concierto para Viol\u00edn de Felix Mendelssohn"},"content":{"rendered":"<p style=\"text-align: justify;\">La violinista A. S. Mutter, nos habla sobre el Concierto para Viol\u00edn de F. Mendelssohn, genial concierto interpretado en todos los sentidos por una de las m\u00e1s grandes del viol\u00edn&#8230;<\/p>\n<p style=\"text-align: center;\">\u00a0<\/p>\n<p style=\"text-align: center;\"><a href=\"http:\/\/www.demusica.es\/wp-content\/uploads\/2011\/11\/AnneSophie+Mutter+Violin+Berliner+Philharmoniker+O+AnneSophie+Mutter.jpg\"><img loading=\"lazy\" decoding=\"async\" class=\"size-full wp-image-464  aligncenter\" title=\"AnneSophie+Mutter+Violin+Berliner+Philharmoniker+O+AnneSophie+Mutter\" src=\"http:\/\/www.demusica.es\/wp-content\/uploads\/2011\/11\/AnneSophie+Mutter+Violin+Berliner+Philharmoniker+O+AnneSophie+Mutter.jpg\" alt=\"\" width=\"208\" height=\"207\" \/><\/a><\/p>\n<p>\u00a0<\/p>\n<p><a href=\"http:\/\/www.youtube.com\/watch?v=rQhSzVAnjPo\">Mendelssohn\u00bbs Violin Concerto by Anne-Sophie Mutter (1 of 2)<\/a><\/p>\n<p><a href=\"http:\/\/www.youtube.com\/watch?v=WljhGWvu0L4&amp;feature=relmfu\">Mendelssohn\u00bbs Violin Concerto by Anne-Sophie Mutter (2 of 2) <\/a><\/p>\n<p style=\"text-align: left;\"><a href=\"http:\/\/www.youtube.com\/watch?v=_0sDAdyMtnk&amp;feature=related\">Anne-Sophie Mutter plays Mendelssohn violin concerto<\/a><\/p>\n","protected":false},"excerpt":{"rendered":"<p>La violinista A. S. Mutter, nos habla sobre el Concierto para Viol\u00edn de F. Mendelssohn, genial concierto interpretado en todos los sentidos por una de las m\u00e1s grandes del viol\u00edn&#8230; \u00a0 \u00a0 Mendelssohn\u00bbs Violin Concerto by Anne-Sophie Mutter (1 of 2) Mendelssohn\u00bbs Violin Concerto by Anne-Sophie Mutter (2 of 2) Anne-Sophie Mutter plays Mendelssohn violin&#8230;<\/p>\n","protected":false},"author":2,"featured_media":0,"comment_status":"open","ping_status":"open","sticky":false,"template":"","format":"standard","meta":{"_kad_post_transparent":"","_kad_post_title":"","_kad_post_layout":"","_kad_post_sidebar_id":"","_kad_post_content_style":"","_kad_post_vertical_padding":"","_kad_post_feature":"","_kad_post_feature_position":"","_kad_post_header":false,"_kad_post_footer":false,"_kad_post_classname":"","footnotes":""},"categories":[33],"tags":[],"class_list":["post-463","post","type-post","status-publish","format-standard","hentry","category-videos-violin"],"_links":{"self":[{"href":"https:\/\/www.demusica.es\/index.php?rest_route=\/wp\/v2\/posts\/463","targetHints":{"allow":["GET"]}}],"collection":[{"href":"https:\/\/www.demusica.es\/index.php?rest_route=\/wp\/v2\/posts"}],"about":[{"href":"https:\/\/www.demusica.es\/index.php?rest_route=\/wp\/v2\/types\/post"}],"author":[{"embeddable":true,"href":"https:\/\/www.demusica.es\/index.php?rest_route=\/wp\/v2\/users\/2"}],"replies":[{"embeddable":true,"href":"https:\/\/www.demusica.es\/index.php?rest_route=%2Fwp%2Fv2%2Fcomments&post=463"}],"version-history":[{"count":5,"href":"https:\/\/www.demusica.es\/index.php?rest_route=\/wp\/v2\/posts\/463\/revisions"}],"predecessor-version":[{"id":466,"href":"https:\/\/www.demusica.es\/index.php?rest_route=\/wp\/v2\/posts\/463\/revisions\/466"}],"wp:attachment":[{"href":"https:\/\/www.demusica.es\/index.php?rest_route=%2Fwp%2Fv2%2Fmedia&parent=463"}],"wp:term":[{"taxonomy":"category","embeddable":true,"href":"https:\/\/www.demusica.es\/index.php?rest_route=%2Fwp%2Fv2%2Fcategories&post=463"},{"taxonomy":"post_tag","embeddable":true,"href":"https:\/\/www.demusica.es\/index.php?rest_route=%2Fwp%2Fv2%2Ftags&post=463"}],"curies":[{"name":"wp","href":"https:\/\/api.w.org\/{rel}","templated":true}]}}