{"id":523,"date":"2011-11-20T23:22:50","date_gmt":"2011-11-20T21:22:50","guid":{"rendered":"http:\/\/www.demusica.es\/?p=523"},"modified":"2011-11-20T23:22:50","modified_gmt":"2011-11-20T21:22:50","slug":"nuevos-profesores-en-nuestra-escuela-de-musica","status":"publish","type":"post","link":"https:\/\/www.demusica.es\/?p=523","title":{"rendered":"Nuevos profesores en nuestra Escuela de M\u00fasica"},"content":{"rendered":"<p>Tenemos el gusto de dar la bienvenida a nuestro proyecto a dos nuevos profesores que se incorporan al equipo de trabajo de la Escuela de M\u00fasica \u00abdemusica.es\u00bb, nos referimos a <strong>Laura Juan Barb\u00f3n<\/strong> que se encargar\u00e1 de nuestra asignatura de M\u00fasica Y Movimiento y de <strong>Rub\u00e9n Mart\u00ednez Basti\u00e1n<\/strong> que se encargar\u00e1 de la asignatura de Flauta Travesera.<\/p>\n<p style=\"text-align: center;\"><a href=\"http:\/\/www.demusica.es\/wp-content\/uploads\/2011\/11\/eGruposDMime.gif\"><img loading=\"lazy\" decoding=\"async\" class=\"aligncenter size-full wp-image-524\" title=\"eGruposDMime\" src=\"http:\/\/www.demusica.es\/wp-content\/uploads\/2011\/11\/eGruposDMime.gif\" alt=\"\" width=\"185\" height=\"163\" \/><\/a><\/p>\n<p>\u00a0<\/p>\n<p>Desde la direcci\u00f3n de este proyecto, os damos la bievenida y os deseamos lo mejor&#8230;<\/p>\n","protected":false},"excerpt":{"rendered":"<p>Tenemos el gusto de dar la bienvenida a nuestro proyecto a dos nuevos profesores que se incorporan al equipo de trabajo de la Escuela de M\u00fasica \u00abdemusica.es\u00bb, nos referimos a Laura Juan Barb\u00f3n que se encargar\u00e1 de nuestra asignatura de M\u00fasica Y Movimiento y de Rub\u00e9n Mart\u00ednez Basti\u00e1n que se encargar\u00e1 de la asignatura de&#8230;<\/p>\n","protected":false},"author":2,"featured_media":0,"comment_status":"open","ping_status":"open","sticky":false,"template":"","format":"standard","meta":{"_kad_post_transparent":"","_kad_post_title":"","_kad_post_layout":"","_kad_post_sidebar_id":"","_kad_post_content_style":"","_kad_post_vertical_padding":"","_kad_post_feature":"","_kad_post_feature_position":"","_kad_post_header":false,"_kad_post_footer":false,"_kad_post_classname":"","footnotes":""},"categories":[1],"tags":[],"class_list":["post-523","post","type-post","status-publish","format-standard","hentry","category-violin"],"_links":{"self":[{"href":"https:\/\/www.demusica.es\/index.php?rest_route=\/wp\/v2\/posts\/523","targetHints":{"allow":["GET"]}}],"collection":[{"href":"https:\/\/www.demusica.es\/index.php?rest_route=\/wp\/v2\/posts"}],"about":[{"href":"https:\/\/www.demusica.es\/index.php?rest_route=\/wp\/v2\/types\/post"}],"author":[{"embeddable":true,"href":"https:\/\/www.demusica.es\/index.php?rest_route=\/wp\/v2\/users\/2"}],"replies":[{"embeddable":true,"href":"https:\/\/www.demusica.es\/index.php?rest_route=%2Fwp%2Fv2%2Fcomments&post=523"}],"version-history":[{"count":2,"href":"https:\/\/www.demusica.es\/index.php?rest_route=\/wp\/v2\/posts\/523\/revisions"}],"predecessor-version":[{"id":527,"href":"https:\/\/www.demusica.es\/index.php?rest_route=\/wp\/v2\/posts\/523\/revisions\/527"}],"wp:attachment":[{"href":"https:\/\/www.demusica.es\/index.php?rest_route=%2Fwp%2Fv2%2Fmedia&parent=523"}],"wp:term":[{"taxonomy":"category","embeddable":true,"href":"https:\/\/www.demusica.es\/index.php?rest_route=%2Fwp%2Fv2%2Fcategories&post=523"},{"taxonomy":"post_tag","embeddable":true,"href":"https:\/\/www.demusica.es\/index.php?rest_route=%2Fwp%2Fv2%2Ftags&post=523"}],"curies":[{"name":"wp","href":"https:\/\/api.w.org\/{rel}","templated":true}]}}