{"id":535,"date":"2011-11-21T15:25:21","date_gmt":"2011-11-21T13:25:21","guid":{"rendered":"http:\/\/www.demusica.es\/?p=535"},"modified":"2011-11-21T15:26:43","modified_gmt":"2011-11-21T13:26:43","slug":"conociendo-a-hilary-hahn","status":"publish","type":"post","link":"https:\/\/www.demusica.es\/?p=535","title":{"rendered":"Conociendo a Hilary Hahn&#8230;"},"content":{"rendered":"<div>\n<h4>Hilary Hahn\u00a0(1979-\u2026)<\/h4>\n<p style=\"text-align: center;\"><img loading=\"lazy\" decoding=\"async\" id=\"il_fi\" class=\"aligncenter\" src=\"http:\/\/3.bp.blogspot.com\/_d2giuNlE67g\/TSxvTdsTCNI\/AAAAAAAAAbU\/mDX4Kke2624\/s1600\/hilary_hahn.jpg\" alt=\"\" width=\"310\" height=\"230\" \/>\u00a0<\/p>\n<div>\n<p style=\"text-align: justify;\">Ahora mismo tiene 27 a\u00f1os, pero con 12 ya fue admitida en el Instituto Curtis de Filadelfia, uno de los Conservatorios m\u00e1s importantes del mundo. Y all\u00ed, habiendo ya trabajado lo m\u00e1s importante del repertorio de viol\u00edn y dado conciertos en solitario, su profesor Jascha Brodsky le puso a estudiar a Kreutzer, Fiorillo, Rode y Gavini\u00e9s. Los mismos m\u00e9todos que estudi\u00e1is vosotros\u2026<\/p>\n<p style=\"text-align: justify;\">Ni\u00f1a prodigio, a los 8 a\u00f1os se mud\u00f3 a Baltimore, Maryland donde comenz\u00f3 a estudiar viol\u00edn un mes antes de cumplir los 4 a\u00f1os, en el conservatorio Cacabody. Dio su primer recital a los 9 a\u00f1os. Entre 1984 y 1989 estudi\u00f3 con Klara Berkovich. En 1990, a los 10 a\u00f1os de edad, fue admitida en el Curtis Institute of Music de Filadelfia, donde estudi\u00f3 bajo la tutela de Jascha Brodsky durante los siguientes 7 a\u00f1os. En 1991 hizo su debut con la Orquesta Sinf\u00f3nica de Baltimore.<\/p>\n<p style=\"text-align: justify;\">\u00a0<\/p>\n<p style=\"text-align: justify;\">Su debut internacional fue en 1995, cuando interpret\u00f3 junto con la Orquesta Sinf\u00f3nica de la Radio de Baviera bajo la direcci\u00f3n de Lorin Maazel el <em>Concierto para viol\u00edn y orquesta<\/em> de Beethoven.\u00a0<\/p>\n<p style=\"text-align: justify;\">Cumpli\u00f3 los requisitos para graduarse en el Curtis Institute a los 16 a\u00f1os, pero decidi\u00f3 permanecer all\u00ed algunos a\u00f1os m\u00e1s para recibir varios cursos optativos de literatura, poes\u00eda, ingl\u00e9s, alem\u00e1n, e historia. Durante este tiempo practic\u00f3 el viol\u00edn con Jaime Laredo, y estudi\u00f3 m\u00fasica de c\u00e1mara, contrapunto, armon\u00eda, historia de la m\u00fasica, y composici\u00f3n y direcci\u00f3n, aunque indic\u00f3 en una entrevista que la disciplina que m\u00e1s le interesa es la interpretaci\u00f3n. Se gradu\u00f3 en 1999.<\/p>\n<p style=\"text-align: justify;\">En 1996 firm\u00f3 un contrato exclusivo con Sony Classical, discogr\u00e1fica con la que ha grabado 5 \u00e1lbumes. Tras la expiraci\u00f3n del contrato en 2002, y debido a diferencias de criterio en sus siguientes grabaciones, Hilary decidi\u00f3 no renovar su contrato con Sony, para firmar en 2003 otro contrato en exclusiva con Deutsche Grammophon, compa\u00f1\u00eda con la que hasta la fecha ha grabado 4 discos.<\/p>\n<p style=\"text-align: justify;\">Ha recorrido el mundo entero tocando con, por nombrar algunas, la Orquesta Sinf\u00f3nica de Londres, la Orquesta Filarm\u00f3nica de Nueva York, o la Orquesta Sinf\u00f3nica de Singapur. Aparte de su carrera como solista, ha participado en varios festivales de m\u00fasica de c\u00e1mara.<\/p>\n<p>Adem\u00e1s, interpret\u00f3 la parte de viol\u00edn solista en la banda sonora de la pel\u00edcula El Bosque (The Village), de M. Night Shyamalan, compuesta por James Newton Howard, y ha colaborado con la banda And You Will Know Us By The Trail Of Dead.\u00a0<\/p>\n<p>Hilary toca un viol\u00edn Vuillaume de 1864 que perteneci\u00f3 al violinista ruso Samuel Lande, amigo de Klara Berkovich, y utiliza arcos fabricados por Paul Jombar y Emil Miquel.<\/p>\n<p style=\"text-align: left;\">I. <a href=\"http:\/\/youtu.be\/nrUjWb0Xpjo\">Hilary Hahn: A Portrait 1\/5<\/a><\/p>\n<p style=\"text-align: left;\">II. <a href=\"http:\/\/youtu.be\/lld6k5kqbco\">Hilary Hahn: A Portrait 2\/5<\/a><\/p>\n<p style=\"text-align: left;\">III. <a href=\"http:\/\/youtu.be\/HSywq_lIBlM\">Hilary Hahn: A Portrait 3\/5<\/a><\/p>\n<p style=\"text-align: left;\">IV. <a href=\"http:\/\/youtu.be\/nRPB33R-4a8\">Hilary Hahn: A Portrait 4\/5<\/a><\/p>\n<p style=\"text-align: left;\">V.- <a href=\"http:\/\/youtu.be\/r-PQcPRYPA4\">Hilary Hahn: A Portrait 5\/5<\/a><\/p>\n<p style=\"text-align: left;\">\u00a0<\/p>\n<\/div>\n<\/div>\n","protected":false},"excerpt":{"rendered":"<p>Hilary Hahn\u00a0(1979-\u2026) \u00a0 Ahora mismo tiene 27 a\u00f1os, pero con 12 ya fue admitida en el Instituto Curtis de Filadelfia, uno de los Conservatorios m\u00e1s importantes del mundo. Y all\u00ed, habiendo ya trabajado lo m\u00e1s importante del repertorio de viol\u00edn y dado conciertos en solitario, su profesor Jascha Brodsky le puso a estudiar a Kreutzer,&#8230;<\/p>\n","protected":false},"author":2,"featured_media":0,"comment_status":"open","ping_status":"open","sticky":false,"template":"","format":"standard","meta":{"_kad_post_transparent":"","_kad_post_title":"","_kad_post_layout":"","_kad_post_sidebar_id":"","_kad_post_content_style":"","_kad_post_vertical_padding":"","_kad_post_feature":"","_kad_post_feature_position":"","_kad_post_header":false,"_kad_post_footer":false,"_kad_post_classname":"","footnotes":""},"categories":[31,33],"tags":[],"class_list":["post-535","post","type-post","status-publish","format-standard","hentry","category-violinistas","category-videos-violin"],"_links":{"self":[{"href":"https:\/\/www.demusica.es\/index.php?rest_route=\/wp\/v2\/posts\/535","targetHints":{"allow":["GET"]}}],"collection":[{"href":"https:\/\/www.demusica.es\/index.php?rest_route=\/wp\/v2\/posts"}],"about":[{"href":"https:\/\/www.demusica.es\/index.php?rest_route=\/wp\/v2\/types\/post"}],"author":[{"embeddable":true,"href":"https:\/\/www.demusica.es\/index.php?rest_route=\/wp\/v2\/users\/2"}],"replies":[{"embeddable":true,"href":"https:\/\/www.demusica.es\/index.php?rest_route=%2Fwp%2Fv2%2Fcomments&post=535"}],"version-history":[{"count":2,"href":"https:\/\/www.demusica.es\/index.php?rest_route=\/wp\/v2\/posts\/535\/revisions"}],"predecessor-version":[{"id":537,"href":"https:\/\/www.demusica.es\/index.php?rest_route=\/wp\/v2\/posts\/535\/revisions\/537"}],"wp:attachment":[{"href":"https:\/\/www.demusica.es\/index.php?rest_route=%2Fwp%2Fv2%2Fmedia&parent=535"}],"wp:term":[{"taxonomy":"category","embeddable":true,"href":"https:\/\/www.demusica.es\/index.php?rest_route=%2Fwp%2Fv2%2Fcategories&post=535"},{"taxonomy":"post_tag","embeddable":true,"href":"https:\/\/www.demusica.es\/index.php?rest_route=%2Fwp%2Fv2%2Ftags&post=535"}],"curies":[{"name":"wp","href":"https:\/\/api.w.org\/{rel}","templated":true}]}}