{"id":539,"date":"2011-11-22T08:51:04","date_gmt":"2011-11-22T06:51:04","guid":{"rendered":"http:\/\/www.demusica.es\/?p=539"},"modified":"2013-01-17T22:42:10","modified_gmt":"2013-01-17T20:42:10","slug":"santa-cecilia-patrona-de-la-musica","status":"publish","type":"post","link":"https:\/\/www.demusica.es\/?p=539","title":{"rendered":"Santa Cecilia, patrona de la M\u00fasica"},"content":{"rendered":"<p style=\"text-align: center;\"><a href=\"http:\/\/www.demusica.es\/wp-content\/uploads\/2011\/11\/cecilia45.jpg\"><img loading=\"lazy\" decoding=\"async\" class=\"aligncenter size-thumbnail wp-image-540\" title=\"cecilia45\" src=\"http:\/\/www.demusica.es\/wp-content\/uploads\/2011\/11\/cecilia45-150x150.jpg\" alt=\"\" width=\"150\" height=\"150\" \/><\/a><\/p>\n<p style=\"text-align: justify;\">El <strong>22 de noviembre<\/strong> se celebra cada a\u00f1o el d\u00eda de Santa Cecilia, patrona cat\u00f3lica de los m\u00fasicos, de los poetas y de los ciegos (no confundir con el D\u00eda Internacional de la M\u00fasica, que se celebra el 21 de junio).<\/p>\n<p style=\"text-align: justify;\">Se dice que Cecilia era una doncella muy modesta y virtuosa que demostraba un gran amor hacia Dios. A finales de la Edad Media los pintores empezaron a representarla tocando alg\u00fan instrumento musical, especialmente el \u00f3rgano, la vihuela, instrumentos de cuerda o simplemente cantando, pero en realidad parece que no existen documentos ni testimonios hist\u00f3ricos que relacionen a Santa Cecilia con ning\u00fan instrumento musical.<\/p>\n<p style=\"text-align: justify;\">Por este motivo, nadie sabe muy bien por qu\u00e9 Cecilia acab\u00f3 siendo la patrona de la m\u00fasica. Parece de todas formas, que ella rechazaba los instrumentos musicales porque no eran necesarios para cantar a Dios de una manera virtuosa, pero as\u00ed y todo, desde finales del siglo XVI se empez\u00f3 a representar a esta santa como a una artista, transformando as\u00ed la interpretaci\u00f3n musical en s\u00ed en virtud.<\/p>\n","protected":false},"excerpt":{"rendered":"<p>El 22 de noviembre se celebra cada a\u00f1o el d\u00eda de Santa Cecilia, patrona cat\u00f3lica de los m\u00fasicos, de los poetas y de los ciegos (no confundir con el D\u00eda Internacional de la M\u00fasica, que se celebra el 21 de junio). Se dice que Cecilia era una doncella muy modesta y virtuosa que demostraba un&#8230;<\/p>\n","protected":false},"author":2,"featured_media":0,"comment_status":"open","ping_status":"open","sticky":false,"template":"","format":"standard","meta":{"_kad_post_transparent":"","_kad_post_title":"","_kad_post_layout":"","_kad_post_sidebar_id":"","_kad_post_content_style":"","_kad_post_vertical_padding":"","_kad_post_feature":"","_kad_post_feature_position":"","_kad_post_header":false,"_kad_post_footer":false,"_kad_post_classname":"","footnotes":""},"categories":[1],"tags":[],"class_list":["post-539","post","type-post","status-publish","format-standard","hentry","category-violin"],"_links":{"self":[{"href":"https:\/\/www.demusica.es\/index.php?rest_route=\/wp\/v2\/posts\/539","targetHints":{"allow":["GET"]}}],"collection":[{"href":"https:\/\/www.demusica.es\/index.php?rest_route=\/wp\/v2\/posts"}],"about":[{"href":"https:\/\/www.demusica.es\/index.php?rest_route=\/wp\/v2\/types\/post"}],"author":[{"embeddable":true,"href":"https:\/\/www.demusica.es\/index.php?rest_route=\/wp\/v2\/users\/2"}],"replies":[{"embeddable":true,"href":"https:\/\/www.demusica.es\/index.php?rest_route=%2Fwp%2Fv2%2Fcomments&post=539"}],"version-history":[{"count":3,"href":"https:\/\/www.demusica.es\/index.php?rest_route=\/wp\/v2\/posts\/539\/revisions"}],"predecessor-version":[{"id":542,"href":"https:\/\/www.demusica.es\/index.php?rest_route=\/wp\/v2\/posts\/539\/revisions\/542"}],"wp:attachment":[{"href":"https:\/\/www.demusica.es\/index.php?rest_route=%2Fwp%2Fv2%2Fmedia&parent=539"}],"wp:term":[{"taxonomy":"category","embeddable":true,"href":"https:\/\/www.demusica.es\/index.php?rest_route=%2Fwp%2Fv2%2Fcategories&post=539"},{"taxonomy":"post_tag","embeddable":true,"href":"https:\/\/www.demusica.es\/index.php?rest_route=%2Fwp%2Fv2%2Ftags&post=539"}],"curies":[{"name":"wp","href":"https:\/\/api.w.org\/{rel}","templated":true}]}}