{"id":631,"date":"2011-12-02T01:39:15","date_gmt":"2011-12-01T23:39:15","guid":{"rendered":"http:\/\/www.demusica.es\/?p=631"},"modified":"2013-01-17T22:41:51","modified_gmt":"2013-01-17T20:41:51","slug":"el-mensaje-de-la-musica-5","status":"publish","type":"post","link":"https:\/\/www.demusica.es\/?p=631","title":{"rendered":"El mensaje de la M\u00fasica"},"content":{"rendered":"<div id=\"watch-description-text\">\n<p id=\"eow-description\" style=\"text-align: center;\">\u00a0<\/p>\n<p id=\"eow-description\">\u00a0<\/p>\n<p>EL MENSAJE DE LA M\u00daSICA,<\/p>\n<p>Documental sobre la Gira de la Orquesta Sinf\u00f3nica Juvenil Iberoamericana en Homenaje al maestro Jos\u00e9 Antonio Abreu. Realizado por la Fundaci\u00f3n Artis Terrae para la Fundaci\u00f3n SaludArte (Espa\u00f1a \/ Venezuela 2009).<\/p>\n<p>Direcci\u00f3n general: Chuchito Sanoja.<\/p>\n<p>Edici\u00f3n y montaje: Soledad Sanoja.<\/p>\n<\/div>\n","protected":false},"excerpt":{"rendered":"<p>\u00a0 \u00a0 EL MENSAJE DE LA M\u00daSICA, Documental sobre la Gira de la Orquesta Sinf\u00f3nica Juvenil Iberoamericana en Homenaje al maestro Jos\u00e9 Antonio Abreu. Realizado por la Fundaci\u00f3n Artis Terrae para la Fundaci\u00f3n SaludArte (Espa\u00f1a \/ Venezuela 2009). Direcci\u00f3n general: Chuchito Sanoja. Edici\u00f3n y montaje: Soledad Sanoja.<\/p>\n","protected":false},"author":2,"featured_media":0,"comment_status":"open","ping_status":"open","sticky":false,"template":"","format":"standard","meta":{"_kad_post_transparent":"","_kad_post_title":"","_kad_post_layout":"","_kad_post_sidebar_id":"","_kad_post_content_style":"","_kad_post_vertical_padding":"","_kad_post_feature":"","_kad_post_feature_position":"","_kad_post_header":false,"_kad_post_footer":false,"_kad_post_classname":"","footnotes":""},"categories":[1],"tags":[],"class_list":["post-631","post","type-post","status-publish","format-standard","hentry","category-violin"],"_links":{"self":[{"href":"https:\/\/www.demusica.es\/index.php?rest_route=\/wp\/v2\/posts\/631","targetHints":{"allow":["GET"]}}],"collection":[{"href":"https:\/\/www.demusica.es\/index.php?rest_route=\/wp\/v2\/posts"}],"about":[{"href":"https:\/\/www.demusica.es\/index.php?rest_route=\/wp\/v2\/types\/post"}],"author":[{"embeddable":true,"href":"https:\/\/www.demusica.es\/index.php?rest_route=\/wp\/v2\/users\/2"}],"replies":[{"embeddable":true,"href":"https:\/\/www.demusica.es\/index.php?rest_route=%2Fwp%2Fv2%2Fcomments&post=631"}],"version-history":[{"count":4,"href":"https:\/\/www.demusica.es\/index.php?rest_route=\/wp\/v2\/posts\/631\/revisions"}],"predecessor-version":[{"id":635,"href":"https:\/\/www.demusica.es\/index.php?rest_route=\/wp\/v2\/posts\/631\/revisions\/635"}],"wp:attachment":[{"href":"https:\/\/www.demusica.es\/index.php?rest_route=%2Fwp%2Fv2%2Fmedia&parent=631"}],"wp:term":[{"taxonomy":"category","embeddable":true,"href":"https:\/\/www.demusica.es\/index.php?rest_route=%2Fwp%2Fv2%2Fcategories&post=631"},{"taxonomy":"post_tag","embeddable":true,"href":"https:\/\/www.demusica.es\/index.php?rest_route=%2Fwp%2Fv2%2Ftags&post=631"}],"curies":[{"name":"wp","href":"https:\/\/api.w.org\/{rel}","templated":true}]}}