{"id":643,"date":"2011-12-05T23:55:18","date_gmt":"2011-12-05T21:55:18","guid":{"rendered":"http:\/\/www.demusica.es\/?p=643"},"modified":"2011-12-05T23:58:17","modified_gmt":"2011-12-05T21:58:17","slug":"ii-convencion-de-la-asociacion-de-flautistas-de-espana-barcelona-2012","status":"publish","type":"post","link":"https:\/\/www.demusica.es\/?p=643","title":{"rendered":"II Convencion de la Asociaci\u00f3n de Flautistas de Espa\u00f1a. Barcelona 2012"},"content":{"rendered":"<p>Di\u00e1s 23, 24 y 25 de Marzo de 2012 en Barcelona<br \/>\nESCOLA SUPERIOR DE M\u00daSICA DE CATALU\u00d1A<br \/>\n<a href=\"http:\/\/www.demusica.es\/wp-content\/uploads\/2011\/12\/276802_220422394665775_885201242_n.jpg\"><img loading=\"lazy\" decoding=\"async\" class=\"alignnone size-full wp-image-650\" src=\"http:\/\/www.demusica.es\/wp-content\/uploads\/2011\/12\/276802_220422394665775_885201242_n.jpg\" alt=\"\" width=\"180\" height=\"254\" \/><\/a><\/p>\n","protected":false},"excerpt":{"rendered":"<p>Di\u00e1s 23, 24 y 25 de Marzo de 2012 en Barcelona ESCOLA SUPERIOR DE M\u00daSICA DE CATALU\u00d1A<\/p>\n","protected":false},"author":4,"featured_media":0,"comment_status":"open","ping_status":"open","sticky":false,"template":"","format":"standard","meta":{"_kad_post_transparent":"","_kad_post_title":"","_kad_post_layout":"","_kad_post_sidebar_id":"","_kad_post_content_style":"","_kad_post_vertical_padding":"","_kad_post_feature":"","_kad_post_feature_position":"","_kad_post_header":false,"_kad_post_footer":false,"_kad_post_classname":"","footnotes":""},"categories":[23],"tags":[],"class_list":["post-643","post","type-post","status-publish","format-standard","hentry","category-flauta-travesera"],"_links":{"self":[{"href":"https:\/\/www.demusica.es\/index.php?rest_route=\/wp\/v2\/posts\/643","targetHints":{"allow":["GET"]}}],"collection":[{"href":"https:\/\/www.demusica.es\/index.php?rest_route=\/wp\/v2\/posts"}],"about":[{"href":"https:\/\/www.demusica.es\/index.php?rest_route=\/wp\/v2\/types\/post"}],"author":[{"embeddable":true,"href":"https:\/\/www.demusica.es\/index.php?rest_route=\/wp\/v2\/users\/4"}],"replies":[{"embeddable":true,"href":"https:\/\/www.demusica.es\/index.php?rest_route=%2Fwp%2Fv2%2Fcomments&post=643"}],"version-history":[{"count":3,"href":"https:\/\/www.demusica.es\/index.php?rest_route=\/wp\/v2\/posts\/643\/revisions"}],"predecessor-version":[{"id":653,"href":"https:\/\/www.demusica.es\/index.php?rest_route=\/wp\/v2\/posts\/643\/revisions\/653"}],"wp:attachment":[{"href":"https:\/\/www.demusica.es\/index.php?rest_route=%2Fwp%2Fv2%2Fmedia&parent=643"}],"wp:term":[{"taxonomy":"category","embeddable":true,"href":"https:\/\/www.demusica.es\/index.php?rest_route=%2Fwp%2Fv2%2Fcategories&post=643"},{"taxonomy":"post_tag","embeddable":true,"href":"https:\/\/www.demusica.es\/index.php?rest_route=%2Fwp%2Fv2%2Ftags&post=643"}],"curies":[{"name":"wp","href":"https:\/\/api.w.org\/{rel}","templated":true}]}}