{"id":652,"date":"2011-12-10T00:54:32","date_gmt":"2011-12-09T22:54:32","guid":{"rendered":"http:\/\/www.demusica.es\/?p=652"},"modified":"2011-12-20T14:16:05","modified_gmt":"2011-12-20T12:16:05","slug":"concierto-de-navidad","status":"publish","type":"post","link":"https:\/\/www.demusica.es\/?p=652","title":{"rendered":"Concierto de Navidad"},"content":{"rendered":"<p style=\"text-align: center\"><a href=\"http:\/\/www.demusica.es\/wp-content\/uploads\/2011\/12\/Programa-Viernes-12.jpg\"><img decoding=\"async\" class=\"alignnone size-full wp-image-782\" src=\"http:\/\/www.demusica.es\/wp-content\/uploads\/2011\/12\/Programa-Viernes-12.jpg\" alt=\"\" \/><\/a><a href=\"http:\/\/www.demusica.es\/wp-content\/uploads\/2011\/12\/Programa-Viernes3.jpg\"><\/a><a href=\"http:\/\/www.demusica.es\/wp-content\/uploads\/2011\/12\/Onis.jpg\"><img loading=\"lazy\" decoding=\"async\" class=\"size-medium wp-image-675 aligncenter\" src=\"http:\/\/www.demusica.es\/wp-content\/uploads\/2011\/12\/Onis-300x207.jpg\" alt=\"\" width=\"463\" height=\"307\" \/><\/a><\/p>\n<p>\u00a0<\/p>\n<p><img loading=\"lazy\" decoding=\"async\" class=\"alignnone size-medium wp-image-780\" src=\"http:\/\/www.demusica.es\/wp-content\/uploads\/2011\/12\/Programa-Viernes3-300x192.jpg\" alt=\"\" width=\"300\" height=\"192\" srcset=\"https:\/\/www.demusica.es\/wp-content\/uploads\/2011\/12\/Programa-Viernes3-300x192.jpg 300w, https:\/\/www.demusica.es\/wp-content\/uploads\/2011\/12\/Programa-Viernes3-1024x655.jpg 1024w, https:\/\/www.demusica.es\/wp-content\/uploads\/2011\/12\/Programa-Viernes3.jpg 1290w\" sizes=\"auto, (max-width: 300px) 100vw, 300px\" \/><\/p>\n","protected":false},"excerpt":{"rendered":"<p>Concierto de Navidad a cargo de los alumnos del Aula de Guitarra Cl\u00e1sica de la profesora Laura Juan y del Aula de Flauta Travesera del profesor Rub\u00e9n Mart\u00ednez con la pianista acompa\u00f1ante Lucia Lop\u00e9z pertenecientes al Centro Profesional Musical \u00abAngel Mu\u00f1iz Toca\u00bb de Oviedo y con la colaboraci\u00f3n de la Asociaci\u00f3n Demusica. <\/p>\n<p>Viernes, 23 de diciembre de 2011.<br \/>\n18:30<br \/>\nCentro Polivalente \u00abHnos. \u00c1lvarez Mateos\u00bb Tullidi &#8211; Benia de Onis (Asturias)<br \/>\nENTRADA LIBRE<\/p>\n","protected":false},"author":4,"featured_media":0,"comment_status":"open","ping_status":"open","sticky":false,"template":"","format":"standard","meta":{"_kad_post_transparent":"","_kad_post_title":"","_kad_post_layout":"","_kad_post_sidebar_id":"","_kad_post_content_style":"","_kad_post_vertical_padding":"","_kad_post_feature":"","_kad_post_feature_position":"","_kad_post_header":false,"_kad_post_footer":false,"_kad_post_classname":"","footnotes":""},"categories":[23,22],"tags":[],"class_list":["post-652","post","type-post","status-publish","format-standard","hentry","category-flauta-travesera","category-guitarra"],"_links":{"self":[{"href":"https:\/\/www.demusica.es\/index.php?rest_route=\/wp\/v2\/posts\/652","targetHints":{"allow":["GET"]}}],"collection":[{"href":"https:\/\/www.demusica.es\/index.php?rest_route=\/wp\/v2\/posts"}],"about":[{"href":"https:\/\/www.demusica.es\/index.php?rest_route=\/wp\/v2\/types\/post"}],"author":[{"embeddable":true,"href":"https:\/\/www.demusica.es\/index.php?rest_route=\/wp\/v2\/users\/4"}],"replies":[{"embeddable":true,"href":"https:\/\/www.demusica.es\/index.php?rest_route=%2Fwp%2Fv2%2Fcomments&post=652"}],"version-history":[{"count":8,"href":"https:\/\/www.demusica.es\/index.php?rest_route=\/wp\/v2\/posts\/652\/revisions"}],"predecessor-version":[{"id":785,"href":"https:\/\/www.demusica.es\/index.php?rest_route=\/wp\/v2\/posts\/652\/revisions\/785"}],"wp:attachment":[{"href":"https:\/\/www.demusica.es\/index.php?rest_route=%2Fwp%2Fv2%2Fmedia&parent=652"}],"wp:term":[{"taxonomy":"category","embeddable":true,"href":"https:\/\/www.demusica.es\/index.php?rest_route=%2Fwp%2Fv2%2Fcategories&post=652"},{"taxonomy":"post_tag","embeddable":true,"href":"https:\/\/www.demusica.es\/index.php?rest_route=%2Fwp%2Fv2%2Ftags&post=652"}],"curies":[{"name":"wp","href":"https:\/\/api.w.org\/{rel}","templated":true}]}}