{"id":666,"date":"2011-12-07T00:53:24","date_gmt":"2011-12-06T22:53:24","guid":{"rendered":"http:\/\/www.demusica.es\/?p=666"},"modified":"2013-01-17T22:41:44","modified_gmt":"2013-01-17T20:41:44","slug":"tomas-luis-de-victoria-sacred-works","status":"publish","type":"post","link":"https:\/\/www.demusica.es\/?p=666","title":{"rendered":"Tom\u00e1s Luis de Victoria \u00abSacred Works\u00bb"},"content":{"rendered":"<p><strong><\/p>\n<div id=\"imageViewerDiv\" style=\"text-align: center;\"><img loading=\"lazy\" decoding=\"async\" id=\"prodImage\" src=\"http:\/\/ecx.images-amazon.com\/images\/I\/51l7HV%2Bn0GL._SS500_.jpg\" alt=\"\" width=\"397\" height=\"420\" \/><\/div>\n<p><\/strong><\/p>\n<p><strong>Nuevo proyecto discogr\u00e1fico dedicado a Tom\u00e1s Luis de Victoria <\/strong><\/p>\n<p><strong>02\/12\/2011 <\/strong><\/p>\n<p><strong>Por Guadalupe Caballero<\/strong><\/p>\n<p style=\"text-align: justify;\">Esta semana, la Fundaci\u00f3n Caja Madrid junto a Universal Music, han presentado en Madrid un \u00abambicioso proyecto musical\u00bb dedicado a Tom\u00e1s Luis de Victoria bajo el t\u00edtulo Tom\u00e1s Luis de Victoria, Sacred Works. Se trata de diez CDs a cargo del Ensemble Plus Ultra bajo la direcci\u00f3n de Michael Noone. Esta colecci\u00f3n conmemora el 400\u00ba aniversario de la muerte de uno de los compositores m\u00e1s estrechamente vinculados a Madrid, donde vivi\u00f3 durante m\u00e1s de un cuarto de siglo y donde public\u00f3 casi la mitad de su obra, e incluye las obras compuestas por el m\u00fasico durante sus 25 a\u00f1os de estancia en la ciudad (periodo que coincide con su etapa de madurez creativa) as\u00ed como obras \u00abperdidas\u00bb o no editadas y que existen s\u00f3lo en manuscrito y otras que, aunque publicadas, nunca han sido grabadas o escuchadas en concierto. Este proyecto forma parte de la colecci\u00f3n Los siglos de Oro, dedicada a la recuperaci\u00f3n y difusi\u00f3n de la m\u00fasica hist\u00f3rica espa\u00f1ola y editada por el sello Archiv Produktion (vinculado a Deustsche Grammophon) que, especializado en interpretaciones hist\u00f3ricas, busca la recuperaci\u00f3n y difusi\u00f3n de las obras compuestas y publicadas por el compositor. Seg\u00fan coment\u00f3 Michael Noone en la rueda de prensa, \u00abhay que reivindicar la importancia de Victoria como un personaje con pretensiones cosmopolitas, que no solo se qued\u00f3 en Madrid\u00bb. Sobre el proyecto discogr\u00e1fico, subray\u00f3 que \u00abno es una integral, es una quinta parte de su labor compositora\u00bb. Noone tambi\u00e9n explic\u00f3 que para la grabaci\u00f3n buscaron el sonido de los \u00f3rganos de la \u00e9poca, es un sonido fiel al sentido de la letra en funci\u00f3n del sentido de la m\u00fasica pero es al mismo tiempo un sonido del siglo XXI no del XVI.<\/p>\n","protected":false},"excerpt":{"rendered":"<p>Nuevo proyecto discogr\u00e1fico dedicado a Tom\u00e1s Luis de Victoria 02\/12\/2011 Por Guadalupe Caballero Esta semana, la Fundaci\u00f3n Caja Madrid junto a Universal Music, han presentado en Madrid un \u00abambicioso proyecto musical\u00bb dedicado a Tom\u00e1s Luis de Victoria bajo el t\u00edtulo Tom\u00e1s Luis de Victoria, Sacred Works. Se trata de diez CDs a cargo del Ensemble&#8230;<\/p>\n","protected":false},"author":2,"featured_media":0,"comment_status":"open","ping_status":"open","sticky":false,"template":"","format":"standard","meta":{"_kad_post_transparent":"","_kad_post_title":"","_kad_post_layout":"","_kad_post_sidebar_id":"","_kad_post_content_style":"","_kad_post_vertical_padding":"","_kad_post_feature":"","_kad_post_feature_position":"","_kad_post_header":false,"_kad_post_footer":false,"_kad_post_classname":"","footnotes":""},"categories":[30],"tags":[],"class_list":["post-666","post","type-post","status-publish","format-standard","hentry","category-articulos"],"_links":{"self":[{"href":"https:\/\/www.demusica.es\/index.php?rest_route=\/wp\/v2\/posts\/666","targetHints":{"allow":["GET"]}}],"collection":[{"href":"https:\/\/www.demusica.es\/index.php?rest_route=\/wp\/v2\/posts"}],"about":[{"href":"https:\/\/www.demusica.es\/index.php?rest_route=\/wp\/v2\/types\/post"}],"author":[{"embeddable":true,"href":"https:\/\/www.demusica.es\/index.php?rest_route=\/wp\/v2\/users\/2"}],"replies":[{"embeddable":true,"href":"https:\/\/www.demusica.es\/index.php?rest_route=%2Fwp%2Fv2%2Fcomments&post=666"}],"version-history":[{"count":2,"href":"https:\/\/www.demusica.es\/index.php?rest_route=\/wp\/v2\/posts\/666\/revisions"}],"predecessor-version":[{"id":1581,"href":"https:\/\/www.demusica.es\/index.php?rest_route=\/wp\/v2\/posts\/666\/revisions\/1581"}],"wp:attachment":[{"href":"https:\/\/www.demusica.es\/index.php?rest_route=%2Fwp%2Fv2%2Fmedia&parent=666"}],"wp:term":[{"taxonomy":"category","embeddable":true,"href":"https:\/\/www.demusica.es\/index.php?rest_route=%2Fwp%2Fv2%2Fcategories&post=666"},{"taxonomy":"post_tag","embeddable":true,"href":"https:\/\/www.demusica.es\/index.php?rest_route=%2Fwp%2Fv2%2Ftags&post=666"}],"curies":[{"name":"wp","href":"https:\/\/api.w.org\/{rel}","templated":true}]}}