{"id":677,"date":"2011-12-10T01:24:35","date_gmt":"2011-12-09T23:24:35","guid":{"rendered":"http:\/\/www.demusica.es\/?p=677"},"modified":"2011-12-10T01:32:55","modified_gmt":"2011-12-09T23:32:55","slug":"concierto-pedagogico","status":"publish","type":"post","link":"https:\/\/www.demusica.es\/?p=677","title":{"rendered":"Concierto Pedag\u00f3gico"},"content":{"rendered":"<p><a href=\"http:\/\/www.demusica.es\/wp-content\/uploads\/2011\/12\/Villaseca1.jpg\"><img decoding=\"async\" class=\"alignnone size-full wp-image-682\" src=\"http:\/\/www.demusica.es\/wp-content\/uploads\/2011\/12\/Villaseca1.jpg\" alt=\"\" \/><\/a>Concierto Pedagogio \u00abMusica en Navidad\u00bb a cargo de trast\u00edn (Rub\u00e9n Mart\u00ednez, flauta travesera), mandona (Laura Juan, guitarra cl\u00e1sica), mudito (Jairo Garc\u00eda, piano), gru\u00f1ona (Paola Gran, viol\u00edn) y papa noel (Adri\u00e1n Ramos) profesores de la Escuela Municipal de M\u00fasica \u00abLaciana\u00bb y del Centro E. I. P. \u00abManuel Barrio\u00bb de Villaseca de Laciana\u00a0ambos de\u00a0Villablino (Le\u00f3n).<br \/>\nLa llegada de las Navidades con todo el trabajo que realizan papa noel y sus duendes para responder a todas las cartas de los ni\u00f1os, para preparar todas sus peticiones, los juegos y trastadas de los duendes, son el hilo conductor de este concierto escenico con la m\u00fasica como elemento destacado.<\/p>\n","protected":false},"excerpt":{"rendered":"<p>Concierto Pedagogio \u00abMusica en Navidad\u00bb a cargo de trast\u00edn (Rub\u00e9n Mart\u00ednez, flauta travesera), mandona (Laura Juan, guitarra cl\u00e1sica), mudito (Jairo Garc\u00eda, piano), gru\u00f1ona (Paola Gran, viol\u00edn) y papa noel (Adri\u00e1n Ramos) profesores de la Escuela Municipal de M\u00fasica \u00abLaciana\u00bb y del Centro E. I. P. \u00abManuel Barrio\u00bb de Villaseca de Laciana\u00a0ambos de\u00a0Villablino (Le\u00f3n). La llegada&#8230;<\/p>\n","protected":false},"author":4,"featured_media":0,"comment_status":"open","ping_status":"open","sticky":false,"template":"","format":"standard","meta":{"_kad_post_transparent":"","_kad_post_title":"","_kad_post_layout":"","_kad_post_sidebar_id":"","_kad_post_content_style":"","_kad_post_vertical_padding":"","_kad_post_feature":"","_kad_post_feature_position":"","_kad_post_header":false,"_kad_post_footer":false,"_kad_post_classname":"","footnotes":""},"categories":[23,22],"tags":[],"class_list":["post-677","post","type-post","status-publish","format-standard","hentry","category-flauta-travesera","category-guitarra"],"_links":{"self":[{"href":"https:\/\/www.demusica.es\/index.php?rest_route=\/wp\/v2\/posts\/677","targetHints":{"allow":["GET"]}}],"collection":[{"href":"https:\/\/www.demusica.es\/index.php?rest_route=\/wp\/v2\/posts"}],"about":[{"href":"https:\/\/www.demusica.es\/index.php?rest_route=\/wp\/v2\/types\/post"}],"author":[{"embeddable":true,"href":"https:\/\/www.demusica.es\/index.php?rest_route=\/wp\/v2\/users\/4"}],"replies":[{"embeddable":true,"href":"https:\/\/www.demusica.es\/index.php?rest_route=%2Fwp%2Fv2%2Fcomments&post=677"}],"version-history":[{"count":5,"href":"https:\/\/www.demusica.es\/index.php?rest_route=\/wp\/v2\/posts\/677\/revisions"}],"predecessor-version":[{"id":686,"href":"https:\/\/www.demusica.es\/index.php?rest_route=\/wp\/v2\/posts\/677\/revisions\/686"}],"wp:attachment":[{"href":"https:\/\/www.demusica.es\/index.php?rest_route=%2Fwp%2Fv2%2Fmedia&parent=677"}],"wp:term":[{"taxonomy":"category","embeddable":true,"href":"https:\/\/www.demusica.es\/index.php?rest_route=%2Fwp%2Fv2%2Fcategories&post=677"},{"taxonomy":"post_tag","embeddable":true,"href":"https:\/\/www.demusica.es\/index.php?rest_route=%2Fwp%2Fv2%2Ftags&post=677"}],"curies":[{"name":"wp","href":"https:\/\/api.w.org\/{rel}","templated":true}]}}