{"id":799,"date":"2012-01-03T13:54:23","date_gmt":"2012-01-03T11:54:23","guid":{"rendered":"http:\/\/www.demusica.es\/?p=799"},"modified":"2012-01-15T14:58:39","modified_gmt":"2012-01-15T12:58:39","slug":"feliz-ano-nuevo","status":"publish","type":"post","link":"https:\/\/www.demusica.es\/?p=799","title":{"rendered":"Feliz A\u00f1o Nuevo&#8230;"},"content":{"rendered":"<p style=\"text-align: justify;\">Desde la Escuela De M\u00fasica \u00abdemusica.es\u00bb y la Asociaci\u00f3n Cultural Demusica, os deseamos que el nuevo a\u00f1o que\u00a0acabamos de estrenar\u00a0est\u00e9 lleno de ilusiones y de proyectos musicales, que todos aportemos al mundo cultural Espa\u00f1ol lo mejor de nosotros mismos y que disfrutemos lo m\u00e1ximo posible de este llamado \u00ablenguaje de los afectos\u00bb<\/p>\n<p style=\"text-align: center;\"><a href=\"http:\/\/www.demusica.es\/wp-content\/uploads\/2012\/01\/2012.jpg\"><img loading=\"lazy\" decoding=\"async\" class=\"alignnone size-full wp-image-803\" title=\"2012\" src=\"http:\/\/www.demusica.es\/wp-content\/uploads\/2012\/01\/2012.jpg\" alt=\"\" width=\"416\" height=\"203\" \/><\/a><\/p>\n","protected":false},"excerpt":{"rendered":"<p>Desde la Escuela De M\u00fasica \u00abdemusica.es\u00bb y la Asociaci\u00f3n Cultural Demusica, os deseamos que el nuevo a\u00f1o que\u00a0acabamos de estrenar\u00a0est\u00e9 lleno de ilusiones y de proyectos musicales, que todos aportemos al mundo cultural Espa\u00f1ol lo mejor de nosotros mismos y que disfrutemos lo m\u00e1ximo posible de este llamado \u00ablenguaje de los afectos\u00bb<\/p>\n","protected":false},"author":2,"featured_media":0,"comment_status":"open","ping_status":"open","sticky":false,"template":"","format":"standard","meta":{"_kad_post_transparent":"","_kad_post_title":"","_kad_post_layout":"","_kad_post_sidebar_id":"","_kad_post_content_style":"","_kad_post_vertical_padding":"","_kad_post_feature":"","_kad_post_feature_position":"","_kad_post_header":false,"_kad_post_footer":false,"_kad_post_classname":"","footnotes":""},"categories":[1],"tags":[],"class_list":["post-799","post","type-post","status-publish","format-standard","hentry","category-violin"],"_links":{"self":[{"href":"https:\/\/www.demusica.es\/index.php?rest_route=\/wp\/v2\/posts\/799","targetHints":{"allow":["GET"]}}],"collection":[{"href":"https:\/\/www.demusica.es\/index.php?rest_route=\/wp\/v2\/posts"}],"about":[{"href":"https:\/\/www.demusica.es\/index.php?rest_route=\/wp\/v2\/types\/post"}],"author":[{"embeddable":true,"href":"https:\/\/www.demusica.es\/index.php?rest_route=\/wp\/v2\/users\/2"}],"replies":[{"embeddable":true,"href":"https:\/\/www.demusica.es\/index.php?rest_route=%2Fwp%2Fv2%2Fcomments&post=799"}],"version-history":[{"count":3,"href":"https:\/\/www.demusica.es\/index.php?rest_route=\/wp\/v2\/posts\/799\/revisions"}],"predecessor-version":[{"id":801,"href":"https:\/\/www.demusica.es\/index.php?rest_route=\/wp\/v2\/posts\/799\/revisions\/801"}],"wp:attachment":[{"href":"https:\/\/www.demusica.es\/index.php?rest_route=%2Fwp%2Fv2%2Fmedia&parent=799"}],"wp:term":[{"taxonomy":"category","embeddable":true,"href":"https:\/\/www.demusica.es\/index.php?rest_route=%2Fwp%2Fv2%2Fcategories&post=799"},{"taxonomy":"post_tag","embeddable":true,"href":"https:\/\/www.demusica.es\/index.php?rest_route=%2Fwp%2Fv2%2Ftags&post=799"}],"curies":[{"name":"wp","href":"https:\/\/api.w.org\/{rel}","templated":true}]}}