{"id":813,"date":"2012-01-18T01:21:20","date_gmt":"2012-01-17T23:21:20","guid":{"rendered":"http:\/\/www.demusica.es\/?p=813"},"modified":"2012-02-24T01:25:27","modified_gmt":"2012-02-23T23:25:27","slug":"%c2%bfcuando-nos-cambiaron-la-frecuencia-de-432hz-a-440hz-y-por-que","status":"publish","type":"post","link":"https:\/\/www.demusica.es\/?p=813","title":{"rendered":"\u00bfCu\u00e1ndo nos cambiaron la frecuencia de 432hz a 440hz y por qu\u00e9?"},"content":{"rendered":"<p style=\"text-align: left;\">Posted: enero 15, 2012 in Siervos del lado oscuro, Solfeggio 3<\/p>\n<p style=\"text-align: center;\"><a href=\"http:\/\/en.support.wordpress.com\/affiliate-links\/\"><img decoding=\"async\" class=\"aligncenter\" src=\"http:\/\/2.bp.blogspot.com\/-Ob_gQHAn6Yg\/TxHGRBLK8SI\/AAAAAAAAPRk\/mdoqLQpBjyQ\/s1600\/url.jpeg\" alt=\"\" border=\"0\" \/><\/a><\/p>\n<p style=\"text-align: justify;\">\n<p style=\"text-align: justify;\">Un ministro de propaganda nazi llamado Joseph Goebels cre\u00f3 un decreto universal en 1939 por el cu\u00e1l se instaba a todo el mundo a afinar el LA musical a 440 Hertzios, en lugar de a 432 Hz, frecuencia a la que se afinaba toda la m\u00fasica hasta el momento. Desde 1939 hasta hoy en d\u00eda se ha entonado a esa frecuencia.<\/p>\n<p style=\"text-align: justify;\"><a href=\"http:\/\/en.support.wordpress.com\/affiliate-links\/\"><img loading=\"lazy\" decoding=\"async\" src=\"http:\/\/2.bp.blogspot.com\/-GMYWzOiiijU\/TxHGe-kPiSI\/AAAAAAAAPRw\/iNDnOri2FpQ\/s320\/images%25C3%25B1%25C3%25B1.jpeg\" alt=\"\" width=\"155\" height=\"160\" border=\"0\" \/><\/a><\/p>\n<p style=\"text-align: justify;\">Esto provoca en la gente pensar y sentir de una manera determinada y se la mantiene sumida en un desorden interno. En 1953 el decreto de Goebels fue aprobado por parte de la Organizaci\u00f3n Internacional de Normalizaci\u00f3n (ISO).<\/p>\n<p style=\"text-align: justify;\">Esto ocurri\u00f3 a pesar de los esfuerzos de un gran n\u00famero de m\u00fasicos franceses que apoyados por el Conservatorio de Par\u00eds, organizaron un refer\u00e9ndum para preservar el LA afinado a 432Hz.<\/p>\n<p style=\"text-align: center;\"><em><strong><a href=\"http:\/\/en.support.wordpress.com\/affiliate-links\/\"><img loading=\"lazy\" decoding=\"async\" class=\"aligncenter\" src=\"http:\/\/4.bp.blogspot.com\/-BLm5x_eHBF8\/TxHGpUGf62I\/AAAAAAAAPR8\/jjVQEiwCm3I\/s400\/images.jpeg\" alt=\"\" width=\"400\" height=\"85\" border=\"0\" \/><\/a><\/strong><\/em><\/p>\n<p style=\"text-align: justify;\"><strong>El LA afinado a 432hz ha estado oculto al mundo por ser el punto de balance s\u00f3nico de la naturaleza.<\/strong> 432 Hz vibra en los principios de la media de oro PHI y unifica las propiedades de la luz, tiempo, espacio, materia, gravedad y el magnetismo con la biolog\u00eda, el c\u00f3digo del ADN y la conciencia.<\/p>\n<p style=\"text-align: justify;\">La afinaci\u00f3n natural a 432 Hz tiene efectos profundos en la consciencia y tambi\u00e9n en el nivel celular de nuestro cuerpo.<\/p>\n<p style=\"text-align: justify;\"><em>\u201cLa re-sintonizaci\u00f3n de instrumentos musicales y el uso de la afinaci\u00f3n de concierto a 432 hertzios en vez de 440 hertzios, tus \u00e1tomos y el ADN empiezan a resonar en armon\u00eda con la espiral de PHI de la Naturaleza.\u201d <\/em><\/p>\n<p style=\"text-align: right;\"><em>[Brian T. Collins] <\/em><\/p>\n<p style=\"text-align: center;\"><a href=\"http:\/\/en.support.wordpress.com\/affiliate-links\/\"><img loading=\"lazy\" decoding=\"async\" src=\"http:\/\/1.bp.blogspot.com\/-bibG3pPodG0\/TxHHFSYIsqI\/AAAAAAAAPSI\/qo4uALTWJDI\/s200\/imagesd.jpeg\" alt=\"\" width=\"200\" height=\"149\" border=\"0\" \/><\/a><\/p>\n<p style=\"text-align: justify;\">\n<p style=\"text-align: justify;\">Toda la m\u00fasica que escuchamos en este momento, genera una frecuencia inarm\u00f3nica con el planeta y con el organismo humano.<\/p>\n<p style=\"text-align: justify;\">Una nota hace 12 arm\u00f3nicos, porque pone en resonancia las 12 notas de la escala musical (con medios tonos y sostenidos). Las notas hacen 12 arm\u00f3nicos, cuando se toca una nota afinada a un LA afinado a 432 Hz. Cuando uno toca en un LA afinado a 440 Hz, s\u00f3lo se hacen 8 arm\u00f3nicos. La m\u00fasica afinada a 440 Hz es m\u00fasica muy pobre.<\/p>\n<p style=\"text-align: justify;\">La frecuencia del planeta Tierra es de 8 Hz. Las ondas alfa, la frecuencia del cerebro en estado de relajaci\u00f3n profunda, son ondas a 8 Hz. Afinar a 440, hace que la base no sea 8, sino 8\u201925, lo cual significa que los arm\u00f3nicos que generan no son arm\u00f3nicos con el planeta.<\/p>\n<p style=\"text-align: justify;\">El Ser Humano funciona en un rango de frecuencia que va de 16 a 32 Hertzios, lo que equivale en la escala musical, del do al do, o sea, una octava. Afinar a 440 Hz tampoco es arm\u00f3nico con la frecuencia del Ser Humano porque la base es 16,5.<\/p>\n<p style=\"text-align: justify;\">La primera alteraci\u00f3n f\u00edsica que podemos notar cu\u00e1ndo llevamos un rato escuchando m\u00fasica, es cansancio, fatiga, ganas de no hacer nada, y esto sucede porque los arm\u00f3nicos de la m\u00fasica no encajan con la frecuencia vibratoria del ser humano.<\/p>\n<p style=\"text-align: center;\"><a href=\"http:\/\/en.support.wordpress.com\/affiliate-links\/\"><img loading=\"lazy\" decoding=\"async\" src=\"http:\/\/2.bp.blogspot.com\/-Kx2ZQIGRIso\/TxHJZUrp49I\/AAAAAAAAPSs\/NS5FoV6mWbQ\/s400\/5555.jpeg\" alt=\"\" width=\"400\" height=\"296\" border=\"0\" \/><\/a><\/p>\n<p style=\"text-align: justify;\"><strong>La frecuencia en la que nos mete la m\u00fasica afinada a 440 Hz nos hace sentir inseguridad, miedo, angustia y desorden interno.<\/strong><\/p>\n<p style=\"text-align: justify;\">Durante muchos a\u00f1os ha interesado que la Humanidad est\u00e9 sumida en la oscuridad.<\/p>\n<p style=\"text-align: center;\"><a href=\"http:\/\/en.support.wordpress.com\/affiliate-links\/\"><img loading=\"lazy\" decoding=\"async\" class=\"aligncenter\" src=\"http:\/\/4.bp.blogspot.com\/-T0rPt63OQ8M\/TxHIBRWDK_I\/AAAAAAAAPSU\/6ONl2ni_ujw\/s320\/fgfg.jpeg\" alt=\"\" width=\"137\" height=\"146\" border=\"0\" \/><\/a><\/p>\n<p style=\"text-align: justify;\">Si la m\u00fasica no est\u00e1 en armon\u00eda con el planeta, no est\u00e1 en armon\u00eda con el Ser humano y c\u00f3mo consecuencia se producen alteraciones en ambos.<\/p>\n<p style=\"text-align: justify;\">Para evitar que esto contin\u00fae sucediendo, deber\u00edamos afinar la m\u00fasica a 432 Hz. Y podemos hacerlo pasando toda nuestra m\u00fasica al ordenador, y utilizar un programa que permita bajar la frecuencia. Las interpretaciones sonar\u00e1n un poco m\u00e1s lentas, pero es casi imperceptible. Hay programas de ordenador que sirven para manejar, editar y grabar m\u00fasica. Por ejemplo el Audacity.<\/p>\n<p style=\"text-align: justify;\">Esta m\u00fasica despu\u00e9s se debe pasar a DVD en lugar de en CD, porque los CD\u2019s no tienen capacidad de manejar 12 arm\u00f3nicos, s\u00f3lo manejan 8 arm\u00f3nicos, y no servir\u00eda de nada porque estar\u00edamos recortando 4 arm\u00f3nicos.<\/p>\n<p style=\"text-align: justify;\">La m\u00fasica grabada en CD es cortante, dura, fr\u00eda, en cambio grabada en DVD es m\u00e1s c\u00e1lida porque permite grabar con los 12 arm\u00f3nicos.<\/p>\n<p style=\"text-align: center;\">Fuente: <a href=\"http:\/\/conspiraciones1040.blogspot.com\/2012\/01\/cuando-nos-cambiaron-la-frecuencia-de.html\">http:\/\/conspiraciones1040.blogspot.com\/2012\/01\/cuando-nos-cambiaron-la-frecuencia-de.html<\/a><\/p>\n","protected":false},"excerpt":{"rendered":"<p>Posted: enero 15, 2012 in Siervos del lado oscuro, Solfeggio 3 Un ministro de propaganda nazi llamado Joseph Goebels cre\u00f3 un decreto universal en 1939 por el cu\u00e1l se instaba a todo el mundo a afinar el LA musical a 440 Hertzios, en lugar de a 432 Hz, frecuencia a la que se afinaba toda&#8230;<\/p>\n","protected":false},"author":2,"featured_media":0,"comment_status":"open","ping_status":"open","sticky":false,"template":"","format":"standard","meta":{"_kad_post_transparent":"","_kad_post_title":"","_kad_post_layout":"","_kad_post_sidebar_id":"","_kad_post_content_style":"","_kad_post_vertical_padding":"","_kad_post_feature":"","_kad_post_feature_position":"","_kad_post_header":false,"_kad_post_footer":false,"_kad_post_classname":"","footnotes":""},"categories":[30,1],"tags":[],"class_list":["post-813","post","type-post","status-publish","format-standard","hentry","category-articulos","category-violin"],"_links":{"self":[{"href":"https:\/\/www.demusica.es\/index.php?rest_route=\/wp\/v2\/posts\/813","targetHints":{"allow":["GET"]}}],"collection":[{"href":"https:\/\/www.demusica.es\/index.php?rest_route=\/wp\/v2\/posts"}],"about":[{"href":"https:\/\/www.demusica.es\/index.php?rest_route=\/wp\/v2\/types\/post"}],"author":[{"embeddable":true,"href":"https:\/\/www.demusica.es\/index.php?rest_route=\/wp\/v2\/users\/2"}],"replies":[{"embeddable":true,"href":"https:\/\/www.demusica.es\/index.php?rest_route=%2Fwp%2Fv2%2Fcomments&post=813"}],"version-history":[{"count":3,"href":"https:\/\/www.demusica.es\/index.php?rest_route=\/wp\/v2\/posts\/813\/revisions"}],"predecessor-version":[{"id":901,"href":"https:\/\/www.demusica.es\/index.php?rest_route=\/wp\/v2\/posts\/813\/revisions\/901"}],"wp:attachment":[{"href":"https:\/\/www.demusica.es\/index.php?rest_route=%2Fwp%2Fv2%2Fmedia&parent=813"}],"wp:term":[{"taxonomy":"category","embeddable":true,"href":"https:\/\/www.demusica.es\/index.php?rest_route=%2Fwp%2Fv2%2Fcategories&post=813"},{"taxonomy":"post_tag","embeddable":true,"href":"https:\/\/www.demusica.es\/index.php?rest_route=%2Fwp%2Fv2%2Ftags&post=813"}],"curies":[{"name":"wp","href":"https:\/\/api.w.org\/{rel}","templated":true}]}}