{"id":816,"date":"2012-02-04T00:38:43","date_gmt":"2012-02-03T22:38:43","guid":{"rendered":"http:\/\/www.demusica.es\/?p=816"},"modified":"2013-02-17T18:08:34","modified_gmt":"2013-02-17T16:08:34","slug":"concierto-presentacion-universidad-popular-2012-villablino","status":"publish","type":"post","link":"https:\/\/www.demusica.es\/?p=816","title":{"rendered":"Concierto Presentaci\u00f3n Universidad Popular 2012 (Villablino)"},"content":{"rendered":"<p style=\"text-align: center;\"><a href=\"http:\/\/www.demusica.es\/wp-content\/uploads\/2012\/01\/Universidad-Popular-2012.jpg\"><img loading=\"lazy\" decoding=\"async\" class=\" wp-image-817 aligncenter\" alt=\"\" src=\"http:\/\/www.demusica.es\/wp-content\/uploads\/2012\/01\/Universidad-Popular-2012.jpg\" width=\"359\" height=\"516\" \/><\/a><\/p>\n<p>Concierto a cargo de Laura Juan (guitarra cl\u00e1sica), Rub\u00e9n mart\u00ednez (flauta travesera) y Jairo Garc\u00eda (piano).<\/p>\n<p>REPERTORIO:<br \/>\n<strong>Sonata en La menor<\/strong> para flauta y guitarra \u00abLargo\u00bb\u00a0\u00a0\u00a0\u00a0\u00a0\u00a0\u00a0\u00a0\u00a0\u00a0\u00a0\u00a0\u00a0\u00a0\u00a0\u00a0\u00a0\u00a0\u00a0\u00a0\u00a0\u00a0\u00a0\u00a0\u00a0\u00a0\u00a0\u00a0\u00a0\u00a0\u00a0\u00a0\u00a0\u00a0\u00a0\u00a0\u00a0\u00a0\u00a0 \u00a0Tomaso <strong>Albinoni<\/strong> (1671-1750)<br \/>\n<strong>Sonata en Re mayor<\/strong> para flauta y guitarra \u00abAllegro\u00bb\u00a0\u00a0\u00a0\u00a0\u00a0\u00a0\u00a0\u00a0\u00a0\u00a0\u00a0\u00a0\u00a0\u00a0\u00a0\u00a0\u00a0\u00a0\u00a0\u00a0\u00a0\u00a0\u00a0\u00a0\u00a0\u00a0\u00a0\u00a0\u00a0\u00a0\u00a0\u00a0\u00a0\u00a0\u00a0\u00a0 \u00a0Christian Gottlieb <strong>Scheidler<\/strong> (1752-1815)<br \/>\n<strong>Andante en Do Mayor<\/strong> para flauta y piano Op. 86 KV 315\/285e\u00a0\u00a0\u00a0\u00a0\u00a0\u00a0\u00a0\u00a0\u00a0\u00a0\u00a0\u00a0\u00a0\u00a0 Wolfgang Amadeus <strong>Mozart<\/strong> (1756-1791)<\/p>\n","protected":false},"excerpt":{"rendered":"<p>Concierto a cargo de Laura Juan (guitarra cl\u00e1sica), Rub\u00e9n mart\u00ednez (flauta travesera) y Jairo Garc\u00eda (piano). REPERTORIO: Sonata en La menor para flauta y guitarra \u00abLargo\u00bb\u00a0\u00a0\u00a0\u00a0\u00a0\u00a0\u00a0\u00a0\u00a0\u00a0\u00a0\u00a0\u00a0\u00a0\u00a0\u00a0\u00a0\u00a0\u00a0\u00a0\u00a0\u00a0\u00a0\u00a0\u00a0\u00a0\u00a0\u00a0\u00a0\u00a0\u00a0\u00a0\u00a0\u00a0\u00a0\u00a0\u00a0\u00a0\u00a0 \u00a0Tomaso Albinoni (1671-1750) Sonata en Re mayor para flauta y guitarra \u00abAllegro\u00bb\u00a0\u00a0\u00a0\u00a0\u00a0\u00a0\u00a0\u00a0\u00a0\u00a0\u00a0\u00a0\u00a0\u00a0\u00a0\u00a0\u00a0\u00a0\u00a0\u00a0\u00a0\u00a0\u00a0\u00a0\u00a0\u00a0\u00a0\u00a0\u00a0\u00a0\u00a0\u00a0\u00a0\u00a0\u00a0\u00a0 \u00a0Christian Gottlieb Scheidler (1752-1815) Andante en Do Mayor para flauta y piano Op. 86 KV 315\/285e\u00a0\u00a0\u00a0\u00a0\u00a0\u00a0\u00a0\u00a0\u00a0\u00a0\u00a0\u00a0\u00a0\u00a0 Wolfgang&#8230;<\/p>\n","protected":false},"author":4,"featured_media":0,"comment_status":"open","ping_status":"open","sticky":false,"template":"","format":"standard","meta":{"_kad_post_transparent":"","_kad_post_title":"","_kad_post_layout":"","_kad_post_sidebar_id":"","_kad_post_content_style":"","_kad_post_vertical_padding":"","_kad_post_feature":"","_kad_post_feature_position":"","_kad_post_header":false,"_kad_post_footer":false,"_kad_post_classname":"","footnotes":""},"categories":[72,23],"tags":[],"class_list":["post-816","post","type-post","status-publish","format-standard","hentry","category-conciertos","category-flauta-travesera"],"_links":{"self":[{"href":"https:\/\/www.demusica.es\/index.php?rest_route=\/wp\/v2\/posts\/816","targetHints":{"allow":["GET"]}}],"collection":[{"href":"https:\/\/www.demusica.es\/index.php?rest_route=\/wp\/v2\/posts"}],"about":[{"href":"https:\/\/www.demusica.es\/index.php?rest_route=\/wp\/v2\/types\/post"}],"author":[{"embeddable":true,"href":"https:\/\/www.demusica.es\/index.php?rest_route=\/wp\/v2\/users\/4"}],"replies":[{"embeddable":true,"href":"https:\/\/www.demusica.es\/index.php?rest_route=%2Fwp%2Fv2%2Fcomments&post=816"}],"version-history":[{"count":11,"href":"https:\/\/www.demusica.es\/index.php?rest_route=\/wp\/v2\/posts\/816\/revisions"}],"predecessor-version":[{"id":1810,"href":"https:\/\/www.demusica.es\/index.php?rest_route=\/wp\/v2\/posts\/816\/revisions\/1810"}],"wp:attachment":[{"href":"https:\/\/www.demusica.es\/index.php?rest_route=%2Fwp%2Fv2%2Fmedia&parent=816"}],"wp:term":[{"taxonomy":"category","embeddable":true,"href":"https:\/\/www.demusica.es\/index.php?rest_route=%2Fwp%2Fv2%2Fcategories&post=816"},{"taxonomy":"post_tag","embeddable":true,"href":"https:\/\/www.demusica.es\/index.php?rest_route=%2Fwp%2Fv2%2Ftags&post=816"}],"curies":[{"name":"wp","href":"https:\/\/api.w.org\/{rel}","templated":true}]}}