{"id":879,"date":"2012-02-19T21:54:50","date_gmt":"2012-02-19T19:54:50","guid":{"rendered":"http:\/\/www.demusica.es\/?p=879"},"modified":"2012-02-19T21:54:50","modified_gmt":"2012-02-19T19:54:50","slug":"la-sustitucion-de-victor-pablo-es-un-reto-apremiante","status":"publish","type":"post","link":"https:\/\/www.demusica.es\/?p=879","title":{"rendered":"La sustituci\u00f3n de V\u00edctor Pablo es un reto apremiante"},"content":{"rendered":"<p id=\"ctl00_cphCuerpo_h1titulo\" style=\"text-align: center;\">Julio Andrade Malde<\/p>\n<div>\n<div><\/div>\n<p><img decoding=\"async\" src=\"http:\/\/www.mundoclasico.com\/img\/Andres_Lacasa_2012126233110.jpg\" alt=\"imagen\" align=\"left\" \/>Andr\u00e9s Lacasa Nikiforov, madrile\u00f1o, de treinta y cinco a\u00f1os, apasionado por el mar, es el nuevo gerente de la Orquesta Sinf\u00f3nica de Galicia. Asume un reto dif\u00edcil en circunstancias econ\u00f3micas complicadas y ha de hacer frente a la sustituci\u00f3n de V\u00edctor Pablo P\u00e9rez, su director art\u00edstico titular, que marca un punto de inflexi\u00f3n. Para ello, cuenta con un bagaje formativo importante, una experiencia notable y, sobre todo capacidad de iniciativa y de trabajo, actitud dialogante y excelentes relaciones dentro del mundo musical. Llega con gran ilusi\u00f3n porque -dice- el mundo sinf\u00f3nico ha sido siempre su casa y adem\u00e1s viene a una de las joyas culturales de los \u00faltimos tiempos: la Orquesta Sinf\u00f3nica de Galicia.<\/p>\n<p><strong>Julio Andrade:\u00a0<\/strong>Se\u00f1or Lacasa, \u00bfle gusta a usted el cine?<\/p>\n<p><strong>Andr\u00e9s Lacasa:\u00a0<\/strong>S\u00ed.<\/p>\n<p><strong>J. A.:\u00a0<\/strong>Ver\u00e1: es que hab\u00eda pensado encabezar esta entrevista con uno de estos dos t\u00edtulos del a\u00f1o 1952:\u00a0<em>El hombre tranquilo<\/em>, de John Ford, y\u00a0<em>Solo ante el peligro<\/em>, de Fred Zinnemann. \u00bf Cu\u00e1l de los dos seleccionar\u00eda usted? \u00bfY si eligi\u00e9semos los dos?<\/p>\n<p><strong>A.L.\u00a0<\/strong>(Medita la respuesta).\u00a0<em>El hombre tranquilo<\/em>, sin duda. No me siento solo ante el peligro<\/p>\n<p><strong>J. A.:\u00a0<\/strong>Acaba usted de llegar y ya tiene cola para realizar entrevistas con destino a diferentes medios de comunicaci\u00f3n. \u00bfDespierta siempre en todas partes una expectaci\u00f3n semejante?<\/p>\n<p><strong>A.L.\u00a0<\/strong>No, no.<\/p>\n<p><strong>J. A.:\u00a0<\/strong>Y, \u00bfa qu\u00e9 atribuye la que se ha generado en este caso?<\/p>\n<p><strong>A.L.\u00a0<\/strong>Supongo que a filtraciones que se han producido en el proceso de selecci\u00f3n. Adem\u00e1s, las noticias que se refieren a la Sinf\u00f3nica de Galicia siempre tienen una repercusi\u00f3n importante en toda Espa\u00f1a<\/p>\n<p><strong>J. A.:\u00a0<\/strong>Imagino que cuando habla de filtraciones se refiere a lo que se ha publicado en torno a la presunta irregularidad del proceso de selecci\u00f3n.<\/p>\n<p><strong>A.L.\u00a0<\/strong>Se trata de un tema pasado; creo que es mejor olvidarlo.<\/p>\n<p><strong>LA ORQUESTA SINF\u00d3NICA DE GALICIA<\/strong><\/p>\n<p><strong>J. A.:\u00a0<\/strong>Bien. La Sinf\u00f3nica de Galicia ya tiene gerente. Y usted ya tiene una orquesta que gestionar. \u00bfCree que se producir\u00e1 un enamoramiento mutuo?<\/p>\n<p><strong>A.L.\u00a0<\/strong>Por mi parte, desde luego. Vengo con gran ilusi\u00f3n. Me apremia entrar en contacto con una orquesta de este nivel. Tenga en cuenta que el mundo sinf\u00f3nico ha sido siempre mi casa.<\/p>\n<p><strong>J. A.:\u00a0<\/strong>En un colectivo de ochenta y cinco personas, hay seguramente ochenta y cinco opiniones. Adem\u00e1s, en este caso, las dificultades son mayores porque todas esas personas son m\u00fasicos&#8230; \u00bfTiene experiencia en problemas similares? \u00bfHa tenido que hacer frente a alg\u00fan conflicto?<\/p>\n<p><strong>A.L.\u00a0<\/strong>He estado durante cinco a\u00f1os en la Orquesta Nacional de Espa\u00f1a. Es verdad que no como gerente, sino como coordinador art\u00edstico; pero ha sido una gran experiencia. En estos cometidos nunca faltan problemas.<\/p>\n<p><strong>J. A.:\u00a0<\/strong>En este tipo de agrupaciones, siempre existen personas que ejercen cierto predominio sobre los dem\u00e1s y crean peque\u00f1os grupos de influencia y de poder, por ser m\u00e1s veteranos o por tener una alta cualificaci\u00f3n profesional, \u00bfpuede ser esto un problema para usted?<\/p>\n<p><strong>A.L.\u00a0<\/strong>No; al contrario, lo juzgo muy positivo. Es una cuesti\u00f3n habitual que debe tratarse mediante el di\u00e1logo, con mucho di\u00e1logo<\/p>\n<p><strong>J. A.:\u00a0<\/strong>Por a\u00f1adidura, usted no s\u00f3lo va a estar al frente de una orquesta, aunque se trate de una de las m\u00e1s cualificadas de Espa\u00f1a. Parafraseando lo que un club de f\u00fatbol dice de s\u00ed mismo, \u00abla Sinf\u00f3nica de Galicia es m\u00e1s que una orquesta\u00bb.<\/p>\n<p><strong>A.L.\u00a0<\/strong>S\u00ed; efectivamente, el Consorcio tiene muchos \u00e1mbitos: las tres orquestas -la Sinf\u00f3nica, la Joven y ahora la de Ni\u00f1os-, los tres coros asociados -Adultos, J\u00f3venes, Ni\u00f1os Cantores. Luego, est\u00e1n los conciertos did\u00e1cticos&#8230;<\/p>\n<p><strong>J. A.:\u00a0<\/strong>Adem\u00e1s, el director art\u00edstico de la Sinf\u00f3nica, V\u00edctor Pablo P\u00e9rez, art\u00edfice del proyecto, se va en agosto de 2013.<\/p>\n<p><strong>A.L.\u00a0<\/strong>S\u00ed; es un gran reto. La sustituci\u00f3n de V\u00edctor Pablo marca un punto de inflexi\u00f3n. Es un reto apremiante, complejo y muy delicado. Se necesitar\u00e1 mucho di\u00e1logo y mucho trabajo.<\/p>\n<p><strong>J. A.:\u00a0<\/strong>Es la segunda vez que menciona usted la palabra di\u00e1logo. \u00bfCree que una actitud dialogante es m\u00e1s positiva que una postura autoritaria que denote ejercicio de poder?<\/p>\n<p><strong>A.L.\u00a0<\/strong>Sin duda alguna.<\/p>\n<p><strong>J. A.:\u00a0<\/strong>Pero, adem\u00e1s de di\u00e1logo y trabajo, se necesita mucho dinero en un a\u00f1o econ\u00f3micamente dif\u00edcil<\/p>\n<p><strong>A.L.\u00a0<\/strong>M\u00e1s que mucho dinero, el necesario: los proyectos art\u00edsticos requieren un m\u00ednimo, es verdad.<\/p>\n<p><strong>J. A.:\u00a0<\/strong>\u00bfQu\u00e9 le parece V\u00edctor Pablo como director y qu\u00e9 virtudes admira m\u00e1s en \u00e9l?<\/p>\n<p><strong>A.L.\u00a0<\/strong>Victor Pablo P\u00e9rez es uno de los grandes directores de este pa\u00eds, y ha sido uno de los art\u00edfices de la creaci\u00f3n de una de las joyas culturales de los \u00faltimos tiempos: la Orquesta Sinf\u00f3nica de Galicia.<\/p>\n<p><strong>J. A.:\u00a0<\/strong>\u00bfQu\u00e9 opina de que el Ayuntamiento haya dado continuidad a un proyecto que en origen no era suyo?<\/p>\n<p><strong>A.L.\u00a0<\/strong>Pues, mire: no s\u00f3lo le ha dado continuidad sino que tiene muy claro que va a apoyarlo sin la menor reserva. Yo me siento muy arropado.<\/p>\n<p><strong>J. A.:\u00a0<\/strong>\u00bfHa podido comprobar que la ciudad entera, sin distinci\u00f3n de bander\u00edas, considera a la Sinf\u00f3nica como un emblema de la urbe?<\/p>\n<p><strong>A.L.\u00a0<\/strong>En un plazo muy breve -veinte a\u00f1os es muy poco tiempo para una instituci\u00f3n como \u00e9sta- la Sinf\u00f3nica se ha consolidado como un elemento fundamental de la ciudad. Eso no pasa en cualquier sitio.<\/p>\n<p><strong>LA CIUDAD DE LA SINF\u00d3NICA\u00a0<\/strong><\/p>\n<p><strong>J. A.:\u00a0<\/strong>Para llevar apenas unas semanas aqu\u00ed, parece haber tomado muy bien el pulso a la ciudad y a sus instituciones. \u00bfConsidera que la urbe es una de las claves de un proyecto sinf\u00f3nico semejante?<\/p>\n<p><strong>A.L.\u00a0<\/strong>Efectivamente, el proyecto se lleva a cabo porque esta ciudad re\u00fane condiciones especiales, una serie de factores que lo hac\u00edan posible. Sin olvidar el m\u00e9rito que ha tenido V\u00edctor Pablo y tambi\u00e9n los cinco gerentes que me han precedido, un proyecto semejante no se da en un lugar determinado por pura casualidad.<\/p>\n<p><strong>J. A.:\u00a0<\/strong>\u00bfComo una especie de caldo de cultivo?<\/p>\n<p><strong>A.L.\u00a0<\/strong>S\u00ed; a lo largo de los siglos se cre\u00f3 un p\u00fablico adicto que no aparece por generaci\u00f3n espont\u00e1nea. Es un elemento esencial, una de las columnas del proyecto. Sin p\u00fablico no hay nada.<\/p>\n<p><strong>J. A.:\u00a0<\/strong>Pues lo ha visto usted con una gran claridad porque la ciudad posee una tradici\u00f3n musical muy importante que arranca en el siglo XVIII con las compa\u00f1\u00edas de \u00f3pera; el Teatro Rosal\u00eda Castro tiene m\u00e1s de siglo y medio; a comienzos del XX, se crea una gran escuela de canto; hay asociaciones m\u00e1s que centenarias, como la Coral Polif\u00f3nica El Eco, la Sociedad Filarm\u00f3nica&#8230;<\/p>\n<p><strong>A.L.\u00a0<\/strong>Una gran tradici\u00f3n musical que explica muchas cosas<\/p>\n<p><strong>J. A.:\u00a0<\/strong>Comprender\u00e1 usted que aficionados, cr\u00edticos, m\u00fasicos y funcionarios est\u00e1n -estamos- pendientes del nombramiento del sustituto de V\u00edctor Pablo. \u00bfSe sabe algo al respecto?<\/p>\n<p><strong>A.L.\u00a0<\/strong>Bueno, se est\u00e1 estudiando. Es un asunto de importancia trascendental que requiere tomar en consideraci\u00f3n muchas cosas. .<\/p>\n<p><strong>J. A.:\u00a0<\/strong>\u00bfConoce a la generaci\u00f3n de nuevos directores gallegos? Diego Garc\u00eda, Piero Lombardi&#8230; Este \u00faltimo va a dirigir a la Sinf\u00f3nica el pr\u00f3ximo d\u00eda 27 en Vigo<\/p>\n<p><strong>A.L.\u00a0<\/strong>La verdad es que hay una generaci\u00f3n muy buena de j\u00f3venes directores en Espa\u00f1a, inclu\u00edda Galicia, desde luego.<\/p>\n<p><strong>EL HOMBRE COM\u00daN<\/strong><\/p>\n<p><strong>J. A.:\u00a0<\/strong>Creo que a los lectores les agradar\u00eda conocer la personalidad del gerente fuera del \u00e1mbito profesional. Cu\u00e1ndo y d\u00f3nde naci\u00f3, situaci\u00f3n familiar&#8230;<\/p>\n<p><strong>A.L.\u00a0<\/strong>Nac\u00ed en Madrid hace treinta y cinco a\u00f1os. Estoy casado y tengo una ni\u00f1a que va a celebrar pronto su segundo cumplea\u00f1os y que ya sostiene un viol\u00edn en las manos. Tal vez porque ha visto y o\u00eddo mucha m\u00fasica en casa.<\/p>\n<p><strong>J. A.:\u00a0<\/strong>Aparte de la m\u00fasica, \u00bfqu\u00e9 aficiones tiene usted?<\/p>\n<p><strong>A.L.\u00a0<\/strong>La vela, la nataci\u00f3n, el baloncesto&#8230; El mar me apasiona.<\/p>\n<p><strong>J. A.:\u00a0<\/strong>Pues aqu\u00ed no creo que le falte el mar. Va a estar rodeado de agua casi por completo.<\/p>\n<p><strong>A.L.\u00a0<\/strong>Tambi\u00e9n me gusta mucho viajar. He vivido en ciudades como Hong-Kong (cinco a\u00f1os), Southampton (un a\u00f1o) y Bloomington, Indiana (tres a\u00f1os)<\/p>\n<p><strong>J. A.:\u00a0<\/strong>Y ahora va a vivir en La Coru\u00f1a durante alg\u00fan tiempo. \u00bfQu\u00e9 impresi\u00f3n le ha producido, se siente a gusto?<br \/>\n<strong><\/strong><\/p>\n<p><strong>A.L.\u00a0<\/strong>Me ha parecido una ciudad muy acogedora, din\u00e1mica, creativa, con mucha vida.<\/p>\n<p><strong>J. A.:\u00a0<\/strong>\u00bfY al resto de la familia?<\/p>\n<p><strong>A.L.\u00a0<\/strong>Bueno, mi hija a\u00fan no ha podido manifestar su opini\u00f3n. A mi mujer, le encanta.<\/p>\n<p><strong>J. A.:\u00a0<\/strong>Antonio Moral, con quien trabaj\u00f3 usted en el Centro Nacional de Difusi\u00f3n, en Madrid, hasta su venida a La Coru\u00f1a, estuvo dirigiendo aqu\u00ed el Festival Mozart entre los a\u00f1os 1998 y 2003, \u00bfle ha hecho alg\u00fan comentario al saber que se iba a hacer cargo de la gerencia de la Sinf\u00f3nica?<\/p>\n<p><strong>A.L.\u00a0<\/strong>\u00a1Se ha alegrado mucho!<\/p>\n<div><em>Este art\u00edculo fue publicado el 27\/01\/2012<\/em><\/div>\n<div id=\"Div2\">\n<p><strong><br \/>\n<\/strong><\/p>\n<\/div>\n<\/div>\n","protected":false},"excerpt":{"rendered":"<p>Julio Andrade Malde Andr\u00e9s Lacasa Nikiforov, madrile\u00f1o, de treinta y cinco a\u00f1os, apasionado por el mar, es el nuevo gerente de la Orquesta Sinf\u00f3nica de Galicia. Asume un reto dif\u00edcil en circunstancias econ\u00f3micas complicadas y ha de hacer frente a la sustituci\u00f3n de V\u00edctor Pablo P\u00e9rez, su director art\u00edstico titular, que marca un punto de&#8230;<\/p>\n","protected":false},"author":2,"featured_media":0,"comment_status":"open","ping_status":"open","sticky":false,"template":"","format":"standard","meta":{"_kad_post_transparent":"","_kad_post_title":"","_kad_post_layout":"","_kad_post_sidebar_id":"","_kad_post_content_style":"","_kad_post_vertical_padding":"","_kad_post_feature":"","_kad_post_feature_position":"","_kad_post_header":false,"_kad_post_footer":false,"_kad_post_classname":"","footnotes":""},"categories":[30,1],"tags":[],"class_list":["post-879","post","type-post","status-publish","format-standard","hentry","category-articulos","category-violin"],"_links":{"self":[{"href":"https:\/\/www.demusica.es\/index.php?rest_route=\/wp\/v2\/posts\/879","targetHints":{"allow":["GET"]}}],"collection":[{"href":"https:\/\/www.demusica.es\/index.php?rest_route=\/wp\/v2\/posts"}],"about":[{"href":"https:\/\/www.demusica.es\/index.php?rest_route=\/wp\/v2\/types\/post"}],"author":[{"embeddable":true,"href":"https:\/\/www.demusica.es\/index.php?rest_route=\/wp\/v2\/users\/2"}],"replies":[{"embeddable":true,"href":"https:\/\/www.demusica.es\/index.php?rest_route=%2Fwp%2Fv2%2Fcomments&post=879"}],"version-history":[{"count":1,"href":"https:\/\/www.demusica.es\/index.php?rest_route=\/wp\/v2\/posts\/879\/revisions"}],"predecessor-version":[{"id":880,"href":"https:\/\/www.demusica.es\/index.php?rest_route=\/wp\/v2\/posts\/879\/revisions\/880"}],"wp:attachment":[{"href":"https:\/\/www.demusica.es\/index.php?rest_route=%2Fwp%2Fv2%2Fmedia&parent=879"}],"wp:term":[{"taxonomy":"category","embeddable":true,"href":"https:\/\/www.demusica.es\/index.php?rest_route=%2Fwp%2Fv2%2Fcategories&post=879"},{"taxonomy":"post_tag","embeddable":true,"href":"https:\/\/www.demusica.es\/index.php?rest_route=%2Fwp%2Fv2%2Ftags&post=879"}],"curies":[{"name":"wp","href":"https:\/\/api.w.org\/{rel}","templated":true}]}}