{"id":935,"date":"2012-02-26T22:55:04","date_gmt":"2012-02-26T20:55:04","guid":{"rendered":"http:\/\/www.demusica.es\/?p=935"},"modified":"2012-02-26T23:01:57","modified_gmt":"2012-02-26T21:01:57","slug":"muere-trompetista-clasico-frances-maurice-andre","status":"publish","type":"post","link":"https:\/\/www.demusica.es\/?p=935","title":{"rendered":"Muere el trompetista cl\u00e1sico franc\u00e9s Maurice Andr\u00e9&#8230;"},"content":{"rendered":"<div id=\"int\" style=\"text-align: center;\"><span style=\"font-family: Verdana, Arial, Helvetica, sans-serif; font-size: 11px; line-height: normal; text-align: -webkit-right;\">AAS &#8211; Globovisi\u00f3n\/AFP \u00a0\/\/\u00a0<\/span><span style=\"font-family: Verdana, Arial, Helvetica, sans-serif; font-size: 11px; line-height: normal; text-align: -webkit-right;\">26\/02\/2012 11:43:00 a.m<\/span><\/div>\n<div style=\"text-align: center;\"><\/div>\n<div style=\"text-align: right;\"><\/div>\n<div style=\"text-align: center;\"><\/div>\n<div style=\"text-align: right;\"><\/div>\n<div><a href=\"http:\/\/www.demusica.es\/wp-content\/uploads\/2012\/02\/enternew.jpg\"><img loading=\"lazy\" decoding=\"async\" class=\"size-medium wp-image-936 aligncenter\" title=\"enternew\" src=\"http:\/\/www.demusica.es\/wp-content\/uploads\/2012\/02\/enternew-300x260.jpg\" alt=\"\" width=\"300\" height=\"260\" srcset=\"https:\/\/www.demusica.es\/wp-content\/uploads\/2012\/02\/enternew-300x260.jpg 300w, https:\/\/www.demusica.es\/wp-content\/uploads\/2012\/02\/enternew.jpg 333w\" sizes=\"auto, (max-width: 300px) 100vw, 300px\" \/><\/a><\/div>\n<div><\/div>\n<div id=\"a1\" style=\"text-align: justify;\"><\/div>\n<div style=\"text-align: center;\"><\/div>\n<div style=\"text-align: center;\"><\/div>\n<div style=\"text-align: justify;\"><\/div>\n<div style=\"text-align: justify;\">El mundialmente conocido trompetista cl\u00e1sico franc\u00e9s Maurice Andr\u00e9 muri\u00f3 en la noche del s\u00e1bado en Bayona (suroeste de Francia) a los 78 a\u00f1os de edad, indicaron el domingo familiares del m\u00fasico.Andr\u00e9 muri\u00f3 el s\u00e1bado poco antes de la medianoche en un hospital de esta ciudad del Pa\u00eds Vasco franc\u00e9s, puntualizaron los familiares de Andr\u00e9, que no revelaron la causa de su muerte.El m\u00fasico naci\u00f3 el 21 de mayo de 1933 en Rochebelle (sur de Francia) y fue minero durante su adolescencia, antes de convertirse en un maestro de la trompeta, que toc\u00f3 y grab\u00f3 discos con los mejores directores de orquesta.<\/div>\n<div style=\"text-align: justify;\">\n<p>Andr\u00e9 hab\u00eda dado sus \u00faltimos conciertos en 2004 y viv\u00eda en el Pa\u00eds Vasco franc\u00e9s. Grab\u00f3 m\u00e1s de 250 discos con repertorios sumamente variados.<\/p>\n<p>\u00abLa trompeta es un instrumento dif\u00edcil\u00bb, que \u00abprovoca reacciones ambivalentes\u00bb, recalcaba en 2003 en el diario Le Monde. La trompeta \u00abconserv\u00f3 su uso guerrero, el gusto por la victoria y el desfile\u00bb, pero \u00abtambi\u00e9n logra hacer bailar a las chicas en los bailes populares\u00bb, estim\u00f3 en aquel entonces.<\/p>\n<\/div>\n","protected":false},"excerpt":{"rendered":"<p>AAS &#8211; Globovisi\u00f3n\/AFP \u00a0\/\/\u00a026\/02\/2012 11:43:00 a.m El mundialmente conocido trompetista cl\u00e1sico franc\u00e9s Maurice Andr\u00e9 muri\u00f3 en la noche del s\u00e1bado en Bayona (suroeste de Francia) a los 78 a\u00f1os de edad, indicaron el domingo familiares del m\u00fasico.Andr\u00e9 muri\u00f3 el s\u00e1bado poco antes de la medianoche en un hospital de esta ciudad del Pa\u00eds Vasco franc\u00e9s,&#8230;<\/p>\n","protected":false},"author":2,"featured_media":0,"comment_status":"open","ping_status":"open","sticky":false,"template":"","format":"standard","meta":{"_kad_post_transparent":"","_kad_post_title":"","_kad_post_layout":"","_kad_post_sidebar_id":"","_kad_post_content_style":"","_kad_post_vertical_padding":"","_kad_post_feature":"","_kad_post_feature_position":"","_kad_post_header":false,"_kad_post_footer":false,"_kad_post_classname":"","footnotes":""},"categories":[70,1],"tags":[],"class_list":["post-935","post","type-post","status-publish","format-standard","hentry","category-noticias","category-violin"],"_links":{"self":[{"href":"https:\/\/www.demusica.es\/index.php?rest_route=\/wp\/v2\/posts\/935","targetHints":{"allow":["GET"]}}],"collection":[{"href":"https:\/\/www.demusica.es\/index.php?rest_route=\/wp\/v2\/posts"}],"about":[{"href":"https:\/\/www.demusica.es\/index.php?rest_route=\/wp\/v2\/types\/post"}],"author":[{"embeddable":true,"href":"https:\/\/www.demusica.es\/index.php?rest_route=\/wp\/v2\/users\/2"}],"replies":[{"embeddable":true,"href":"https:\/\/www.demusica.es\/index.php?rest_route=%2Fwp%2Fv2%2Fcomments&post=935"}],"version-history":[{"count":12,"href":"https:\/\/www.demusica.es\/index.php?rest_route=\/wp\/v2\/posts\/935\/revisions"}],"predecessor-version":[{"id":948,"href":"https:\/\/www.demusica.es\/index.php?rest_route=\/wp\/v2\/posts\/935\/revisions\/948"}],"wp:attachment":[{"href":"https:\/\/www.demusica.es\/index.php?rest_route=%2Fwp%2Fv2%2Fmedia&parent=935"}],"wp:term":[{"taxonomy":"category","embeddable":true,"href":"https:\/\/www.demusica.es\/index.php?rest_route=%2Fwp%2Fv2%2Fcategories&post=935"},{"taxonomy":"post_tag","embeddable":true,"href":"https:\/\/www.demusica.es\/index.php?rest_route=%2Fwp%2Fv2%2Ftags&post=935"}],"curies":[{"name":"wp","href":"https:\/\/api.w.org\/{rel}","templated":true}]}}