{"id":950,"date":"2012-03-01T23:55:42","date_gmt":"2012-03-01T21:55:42","guid":{"rendered":"http:\/\/www.demusica.es\/?p=950"},"modified":"2012-03-06T22:36:38","modified_gmt":"2012-03-06T20:36:38","slug":"curso-de-lutheria-para-la-ensenanza-musical","status":"publish","type":"post","link":"https:\/\/www.demusica.es\/?p=950","title":{"rendered":"Curso de Luther\u00eda para la Ense\u00f1anza Musical&#8230;"},"content":{"rendered":"<p style=\"text-align: center;\"><a href=\"http:\/\/www.demusica.es\/wp-content\/uploads\/2012\/03\/619233_1.jpg\"><img loading=\"lazy\" decoding=\"async\" class=\"size-medium wp-image-951 aligncenter\" title=\"619233_1\" src=\"http:\/\/www.demusica.es\/wp-content\/uploads\/2012\/03\/619233_1-300x213.jpg\" alt=\"\" width=\"300\" height=\"213\" srcset=\"https:\/\/www.demusica.es\/wp-content\/uploads\/2012\/03\/619233_1-300x213.jpg 300w, https:\/\/www.demusica.es\/wp-content\/uploads\/2012\/03\/619233_1.jpg 380w\" sizes=\"auto, (max-width: 300px) 100vw, 300px\" \/><\/a><\/p>\n<p>ASESOR\u00cdA:\u00a0Actualizaci\u00f3n Profesional<\/p>\n<p>MODALIDAD:\u00a0Curso<\/p>\n<p>DURACI\u00d3N:\u00a020 horas\u00a0CR\u00c9DITOS:\u00a02<\/p>\n<p>PLAZAS:\u00a010 \/ 25<\/p>\n<p>LUGAR:\u00a0Conservatorio del Occidente (Villar &#8211; Luarca).<\/p>\n<p>INICIO: 28\/03\/2012\u00a0F\u00cdN:\u00a025\/04\/2012<\/p>\n<p>PLAZO DE INSCRIPCI\u00d3N:\u00a0hasta 05\/03\/2012<\/p>\n<p>HORARIO:\u00a0de 9:30 a 13:30 horas<\/p>\n<p>DIRIGIDO A:\u00a0Profesorado de Conservatorios de Asturias y profesorado especialista de M\u00fasica de E.P. y E.S. del \u00e1mbito, interesado en el conocimiento de de las posibilidades de explotaci\u00f3n did\u00e1ctica de la luther\u00eda.<\/p>\n<p>MATR\u00cdCULA:<\/p>\n<p>Mediante la cumplimentaci\u00f3n de la hoja de inscripci\u00f3n al efecto y su remisi\u00f3n, en formato papel o electr\u00f3nico, al Centro del Profesorado y de Recursos.<\/p>\n<p>CRITERIOS DE SELECCI\u00d3N:<\/p>\n<p>Profesores \/as de los Conservatorios de Asturias y\/o profesores de la especialidad de M\u00fasica en EP y ES.<\/p>\n<p>METODOLOG\u00cdA:<\/p>\n<p>Combina elementos te\u00f3ricos b\u00e1sicos con un planteamiento b\u00e1sicamente pr\u00e1ctico.<\/p>\n<p>OBJETIVOS:<\/p>\n<p>&#8211; Aportar un marco racional para explicar el funcionamiento ac\u00fastico de los instrumentos de arco.<br \/>\n&#8211; Estrategias pr\u00e1cticas para optimizar el rendimiento ac\u00fastico de los instrumentos y la facilidad de ejecuci\u00f3n.<\/p>\n<p>CONTENIDOS:<\/p>\n<p>&#8211; Madera e instrumentos de arco.<br \/>\n&#8211; Proceso tradicional de construcci\u00f3n.<br \/>\n&#8211; Funcionamiento, mantenimiento y desperfectos de los instrumentos.<br \/>\n&#8211; El arco: optimizaci\u00f3n de su uso.<\/p>\n<p><span style=\"color: #000000;\">PONENTE:\u00a0Roberto Jard\u00f3n Rico (Luthier).<\/span><\/p>\n<p><!--more--><\/p>\n<h4 style=\"text-align: center;\"><a href=\"http:\/\/web.educastur.princast.es\/cpr\/noroccidente\/actividades\/inscripcion.asp?idcurso=381\">INSCRIPCI\u00d3N AL CURSO DE LUTHER\u00cdA PARA LA ENSE\u00d1ANZA MUSICAL<\/a><\/h4>\n<p><!--more--><\/p>\n<p style=\"text-align: center;\"><a href=\"http:\/\/www.demusica.es\/wp-content\/uploads\/2012\/03\/CURSO-LUTHER\u00cdA-2012-1.pdf\">CURSO LUTHER\u00cdA 2012 &#8211; I<\/a><\/p>\n<p style=\"text-align: center;\"><a href=\"http:\/\/www.demusica.es\/wp-content\/uploads\/2012\/03\/CURSO-LUTHIER-12-111.pdf\">CURSO LUTHERIA 2012 &#8211; II<\/a><\/p>\n","protected":false},"excerpt":{"rendered":"<p>ASESOR\u00cdA:\u00a0Actualizaci\u00f3n Profesional MODALIDAD:\u00a0Curso DURACI\u00d3N:\u00a020 horas\u00a0CR\u00c9DITOS:\u00a02 PLAZAS:\u00a010 \/ 25 LUGAR:\u00a0Conservatorio del Occidente (Villar &#8211; Luarca). INICIO: 28\/03\/2012\u00a0F\u00cdN:\u00a025\/04\/2012 PLAZO DE INSCRIPCI\u00d3N:\u00a0hasta 05\/03\/2012 HORARIO:\u00a0de 9:30 a 13:30 horas DIRIGIDO A:\u00a0Profesorado de Conservatorios de Asturias y profesorado especialista de M\u00fasica de E.P. y E.S. del \u00e1mbito, interesado en el conocimiento de de las posibilidades de explotaci\u00f3n did\u00e1ctica de la&#8230;<\/p>\n","protected":false},"author":2,"featured_media":0,"comment_status":"open","ping_status":"open","sticky":false,"template":"","format":"standard","meta":{"_kad_post_transparent":"","_kad_post_title":"","_kad_post_layout":"","_kad_post_sidebar_id":"","_kad_post_content_style":"","_kad_post_vertical_padding":"","_kad_post_feature":"","_kad_post_feature_position":"","_kad_post_header":false,"_kad_post_footer":false,"_kad_post_classname":"","footnotes":""},"categories":[28,1],"tags":[],"class_list":["post-950","post","type-post","status-publish","format-standard","hentry","category-ensenanza-del-violin","category-violin"],"_links":{"self":[{"href":"https:\/\/www.demusica.es\/index.php?rest_route=\/wp\/v2\/posts\/950","targetHints":{"allow":["GET"]}}],"collection":[{"href":"https:\/\/www.demusica.es\/index.php?rest_route=\/wp\/v2\/posts"}],"about":[{"href":"https:\/\/www.demusica.es\/index.php?rest_route=\/wp\/v2\/types\/post"}],"author":[{"embeddable":true,"href":"https:\/\/www.demusica.es\/index.php?rest_route=\/wp\/v2\/users\/2"}],"replies":[{"embeddable":true,"href":"https:\/\/www.demusica.es\/index.php?rest_route=%2Fwp%2Fv2%2Fcomments&post=950"}],"version-history":[{"count":5,"href":"https:\/\/www.demusica.es\/index.php?rest_route=\/wp\/v2\/posts\/950\/revisions"}],"predecessor-version":[{"id":953,"href":"https:\/\/www.demusica.es\/index.php?rest_route=\/wp\/v2\/posts\/950\/revisions\/953"}],"wp:attachment":[{"href":"https:\/\/www.demusica.es\/index.php?rest_route=%2Fwp%2Fv2%2Fmedia&parent=950"}],"wp:term":[{"taxonomy":"category","embeddable":true,"href":"https:\/\/www.demusica.es\/index.php?rest_route=%2Fwp%2Fv2%2Fcategories&post=950"},{"taxonomy":"post_tag","embeddable":true,"href":"https:\/\/www.demusica.es\/index.php?rest_route=%2Fwp%2Fv2%2Ftags&post=950"}],"curies":[{"name":"wp","href":"https:\/\/api.w.org\/{rel}","templated":true}]}}