{"id":956,"date":"2012-03-05T23:44:04","date_gmt":"2012-03-05T21:44:04","guid":{"rendered":"http:\/\/www.demusica.es\/?p=956"},"modified":"2012-03-05T23:46:39","modified_gmt":"2012-03-05T21:46:39","slug":"conciertos-cajastur-musicas-del-siglo-xxi","status":"publish","type":"post","link":"https:\/\/www.demusica.es\/?p=956","title":{"rendered":"Conciertos Cajastur.M\u00fasicas del Siglo XXI&#8230;"},"content":{"rendered":"<p style=\"text-align: justify;\">Un nuevo ciclo de esta veterana actividad, que en la presente ocasi\u00f3n pasa a denominarse \u00abM\u00fasicas del Siglo XXI\u00bb, comienza el mi\u00e9rcoles 7 de marzo en el Centro Cultural Cajastur San Francisco 4, en Oviedo, con la actuaci\u00f3n del grupo Tracy Reid and The Sweet Rhythm Kings. Jazz, swing.<\/p>\n<p style=\"text-align: center;\"><img loading=\"lazy\" decoding=\"async\" class=\"aligncenter\" title=\"Ciclo de Cajastur\" src=\"https:\/\/www.cajastur.es\/osyc\/acultural\/ciclos\/fotos\/normal\/foto145_1.jpg\" alt=\"\" width=\"200\" height=\"138\" \/><\/p>\n<p>&nbsp;<\/p>\n<p>A partir de esa fecha se suceder\u00e1n los conciertos por las salas Cajastur de Oviedo, Gij\u00f3n, Mieres y en el Nuevo Teatro de La Felguera, en un total de veintid\u00f3s actuaciones a cargo de diecis\u00e9is artistas; la programaci\u00f3n es de variados estilos: jazz, swing, folk, fusi\u00f3n, blues, rock, pop, m\u00fasica bretona y m\u00fasica tradicional asturiana, fusi\u00f3n, etc.<\/p>\n<p>La representaci\u00f3n asturiana en el ciclo es amplia y representativa de los grupos asturianos actuales como Duerna, la Banda de Gaites Fonte Fu\u00e9cara, el d\u00fao I\u00f1aki Santianes y Sergei Berodny, Igor Paskual, Toli Morilla y \u00c1ngel Miguel, Pablo Vald\u00e9s, Maurizios, La Banda la Tira, Ojos negros, Herbamora y la participaci\u00f3n de los asturianos Santi Caleya y Merce Santos con A. Ciapolino y R. le Coq.<\/p>\n<p>&nbsp;<\/p>\n<p style=\"text-align: center;\"><a href=\"http:\/\/www.demusica.es\/wp-content\/uploads\/2012\/03\/fichero145_1.pdf\">Conciertos Cajastur. M\u00fasica del Siglo XX<\/a><\/p>\n","protected":false},"excerpt":{"rendered":"<p>Un nuevo ciclo de esta veterana actividad, que en la presente ocasi\u00f3n pasa a denominarse \u00abM\u00fasicas del Siglo XXI\u00bb, comienza el mi\u00e9rcoles 7 de marzo en el Centro Cultural Cajastur San Francisco 4, en Oviedo, con la actuaci\u00f3n del grupo Tracy Reid and The Sweet Rhythm Kings. Jazz, swing. &nbsp; A partir de esa fecha&#8230;<\/p>\n","protected":false},"author":2,"featured_media":0,"comment_status":"open","ping_status":"open","sticky":false,"template":"","format":"standard","meta":{"_kad_post_transparent":"","_kad_post_title":"","_kad_post_layout":"","_kad_post_sidebar_id":"","_kad_post_content_style":"","_kad_post_vertical_padding":"","_kad_post_feature":"","_kad_post_feature_position":"","_kad_post_header":false,"_kad_post_footer":false,"_kad_post_classname":"","footnotes":""},"categories":[67,1],"tags":[],"class_list":["post-956","post","type-post","status-publish","format-standard","hentry","category-coro","category-violin"],"_links":{"self":[{"href":"https:\/\/www.demusica.es\/index.php?rest_route=\/wp\/v2\/posts\/956","targetHints":{"allow":["GET"]}}],"collection":[{"href":"https:\/\/www.demusica.es\/index.php?rest_route=\/wp\/v2\/posts"}],"about":[{"href":"https:\/\/www.demusica.es\/index.php?rest_route=\/wp\/v2\/types\/post"}],"author":[{"embeddable":true,"href":"https:\/\/www.demusica.es\/index.php?rest_route=\/wp\/v2\/users\/2"}],"replies":[{"embeddable":true,"href":"https:\/\/www.demusica.es\/index.php?rest_route=%2Fwp%2Fv2%2Fcomments&post=956"}],"version-history":[{"count":3,"href":"https:\/\/www.demusica.es\/index.php?rest_route=\/wp\/v2\/posts\/956\/revisions"}],"predecessor-version":[{"id":960,"href":"https:\/\/www.demusica.es\/index.php?rest_route=\/wp\/v2\/posts\/956\/revisions\/960"}],"wp:attachment":[{"href":"https:\/\/www.demusica.es\/index.php?rest_route=%2Fwp%2Fv2%2Fmedia&parent=956"}],"wp:term":[{"taxonomy":"category","embeddable":true,"href":"https:\/\/www.demusica.es\/index.php?rest_route=%2Fwp%2Fv2%2Fcategories&post=956"},{"taxonomy":"post_tag","embeddable":true,"href":"https:\/\/www.demusica.es\/index.php?rest_route=%2Fwp%2Fv2%2Ftags&post=956"}],"curies":[{"name":"wp","href":"https:\/\/api.w.org\/{rel}","templated":true}]}}