{"id":982,"date":"2012-04-12T15:01:15","date_gmt":"2012-04-12T13:01:15","guid":{"rendered":"http:\/\/www.demusica.es\/?p=982"},"modified":"2013-02-17T18:07:27","modified_gmt":"2013-02-17T16:07:27","slug":"concierto-didactico","status":"publish","type":"post","link":"https:\/\/www.demusica.es\/?p=982","title":{"rendered":"Concierto Did\u00e1ctico"},"content":{"rendered":"<p><a href=\"http:\/\/www.demusica.es\/wp-content\/uploads\/2012\/04\/Didactico-2012.jpg\"><img loading=\"lazy\" decoding=\"async\" class=\"alignnone size-medium wp-image-985\" alt=\"\" src=\"http:\/\/www.demusica.es\/wp-content\/uploads\/2012\/04\/Didactico-2012-300x212.jpg\" width=\"300\" height=\"212\" srcset=\"https:\/\/www.demusica.es\/wp-content\/uploads\/2012\/04\/Didactico-2012-300x212.jpg 300w, https:\/\/www.demusica.es\/wp-content\/uploads\/2012\/04\/Didactico-2012.jpg 953w\" sizes=\"auto, (max-width: 300px) 100vw, 300px\" \/><\/a><\/p>\n<p>EL ZOOL\u00d3GICO MUSICAL<br \/>\n\u00abUna m\u00fasica Animal\u00bb<\/p>\n<p>Piezas muy diversas, con el punto en com\u00fan de los animales, una m\u00fasica descriptiva que intenta trasladar al oyente la imagen y sonidos de los animales.<\/p>\n<p>Es un espect\u00e1culo que introduce a los peque\u00f1os, desde los cuatro a los doce a\u00f1os, en la m\u00fasica cl\u00e1sica a trav\u00e9s de la risa y la diversi\u00f3n, ofreciendo un concierto que, con el apoyo de la interpretaci\u00f3n y el juego, se vuelve ligero .<\/p>\n<p>Grupo de C\u00e1mara \u00abGiuseppe Guarneri\u00bb<br \/>\nRub\u00e9n Mart\u00ednez (flauta); Laura Juan (guitarra), Mart\u00edn Mart\u00ednez (viol\u00edn); Ram\u00f3n Villoria (viola) e Iv\u00e1n Moro (chelo)<\/p>\n","protected":false},"excerpt":{"rendered":"<p>EL ZOOL\u00d3GICO MUSICAL \u00abUna m\u00fasica Animal\u00bb Piezas muy diversas, con el punto en com\u00fan de los animales, una m\u00fasica descriptiva que intenta trasladar al oyente la imagen y sonidos de los animales. Es un espect\u00e1culo que introduce a los peque\u00f1os, desde los cuatro a los doce a\u00f1os, en la m\u00fasica cl\u00e1sica a trav\u00e9s de la&#8230;<\/p>\n","protected":false},"author":4,"featured_media":0,"comment_status":"open","ping_status":"open","sticky":false,"template":"","format":"standard","meta":{"_kad_post_transparent":"","_kad_post_title":"","_kad_post_layout":"","_kad_post_sidebar_id":"","_kad_post_content_style":"","_kad_post_vertical_padding":"","_kad_post_feature":"","_kad_post_feature_position":"","_kad_post_header":false,"_kad_post_footer":false,"_kad_post_classname":"","footnotes":""},"categories":[72,23],"tags":[],"class_list":["post-982","post","type-post","status-publish","format-standard","hentry","category-conciertos","category-flauta-travesera"],"_links":{"self":[{"href":"https:\/\/www.demusica.es\/index.php?rest_route=\/wp\/v2\/posts\/982","targetHints":{"allow":["GET"]}}],"collection":[{"href":"https:\/\/www.demusica.es\/index.php?rest_route=\/wp\/v2\/posts"}],"about":[{"href":"https:\/\/www.demusica.es\/index.php?rest_route=\/wp\/v2\/types\/post"}],"author":[{"embeddable":true,"href":"https:\/\/www.demusica.es\/index.php?rest_route=\/wp\/v2\/users\/4"}],"replies":[{"embeddable":true,"href":"https:\/\/www.demusica.es\/index.php?rest_route=%2Fwp%2Fv2%2Fcomments&post=982"}],"version-history":[{"count":5,"href":"https:\/\/www.demusica.es\/index.php?rest_route=\/wp\/v2\/posts\/982\/revisions"}],"predecessor-version":[{"id":1809,"href":"https:\/\/www.demusica.es\/index.php?rest_route=\/wp\/v2\/posts\/982\/revisions\/1809"}],"wp:attachment":[{"href":"https:\/\/www.demusica.es\/index.php?rest_route=%2Fwp%2Fv2%2Fmedia&parent=982"}],"wp:term":[{"taxonomy":"category","embeddable":true,"href":"https:\/\/www.demusica.es\/index.php?rest_route=%2Fwp%2Fv2%2Fcategories&post=982"},{"taxonomy":"post_tag","embeddable":true,"href":"https:\/\/www.demusica.es\/index.php?rest_route=%2Fwp%2Fv2%2Ftags&post=982"}],"curies":[{"name":"wp","href":"https:\/\/api.w.org\/{rel}","templated":true}]}}